{"id":54174,"date":"2025-09-11T13:55:38","date_gmt":"2025-09-11T10:55:38","guid":{"rendered":"https:\/\/www.egemtv.com\/?p=54174"},"modified":"2025-09-11T13:55:39","modified_gmt":"2025-09-11T10:55:39","slug":"mentese-hipodromu-turkiyede-bir-ilk-olacak","status":"publish","type":"post","link":"https:\/\/www.egemtv.com\/?p=54174","title":{"rendered":"Mente\u015fe Hipodromu, T\u00fcrkiye\u2019de bir ilk olacak"},"content":{"rendered":"<p>Mu\u011fla Geli\u015fim Platformu\u2019nun, Mente\u015fe\u2019ye kazand\u0131rmak istedi\u011fi hipodrom projesi i\u00e7in T\u00fcrkiye Jokey Kul\u00fcb\u00fc Y\u00f6netim Kurulu \u00dcyesi Kerem Alkan, Mu\u011fla protokol\u00fcyle bulu\u015ftu. Projeye dair resmi ve teknik konular masaya yat\u0131r\u0131ld\u0131.<br \/>\n<br \/>T\u00fcrkiye Jokey Kul\u00fcb\u00fc Y\u00f6netim Kurulu \u00dcyesi Kerem Alkan, Mu\u011fla\u2019da iki g\u00fcn boyunca protokol ziyaretlerinde bulundu. Heyet, Mu\u011fla Valisi \u0130dris Akb\u0131y\u0131k, Mu\u011fla S\u0131tk\u0131 Ko\u00e7man \u00dcniversitesi Rekt\u00f6r\u00fc Turhan Ka\u00e7ar, Mente\u015fe Kaymakam\u0131 Mehmet Eri\u015f, Mente\u015fe Belediye Ba\u015fkan\u0131 Gonca K\u00f6ksal Aras, siyasi partiler, Mu\u011fla Tar\u0131m ve Orman \u0130l M\u00fcd\u00fcrl\u00fc\u011f\u00fc ile g\u00f6r\u00fc\u015ferek projenin sa\u011flayaca\u011f\u0131 sosyal, ekonomik ve sportif katk\u0131lar\u0131 anlatt\u0131.<\/p>\n<p>Pistiyle T\u00fcrkiye\u2019de bir ilk<br \/>\n<br \/>Mu\u011fla Geli\u015fim Platformu Ba\u015fkan\u0131 Burak Nizamo\u011flu, hipodrom projesinin Mente\u015fe\u2019nin k\u00fclt\u00fcrel ve ekonomik yap\u0131s\u0131na b\u00fcy\u00fck katk\u0131 sunaca\u011f\u0131n\u0131 belirterek, &#8220;Mu\u011fla Geli\u015fim Platformu olarak, \u2019Mente\u015fe\u2019ye Hipodrom\u2019 projemiz i\u00e7in bir y\u0131ld\u0131r b\u00fcy\u00fck emek veriyoruz. Geldi\u011fimiz noktada Mente\u015fe\u2019nin k\u00fclt\u00fcrel ve ekonomik yap\u0131s\u0131na b\u00fcy\u00fck katk\u0131 sunacak hayalimiz art\u0131k bir projeye d\u00f6n\u00fc\u015ft\u00fc. Ge\u00e7ti\u011fimiz hafta TJK y\u00f6netim kurulu \u00fcyesi Kerem Alkan\u2019\u0131 projemizle alakal\u0131 Mu\u011fla\u2019da a\u011f\u0131rlad\u0131k. Yapt\u0131\u011f\u0131m\u0131z teknik \u00e7al\u0131\u015fmalar sonucunda T\u00fcrkiye Jokey Kul\u00fcb\u00fc\u2019n\u00fcn \u00e7ok kapsaml\u0131 bir Hipodrom i\u00e7in ihtiya\u00e7 duydu\u011fu arazimizi buldu\u011fumuzu d\u00fc\u015f\u00fcn\u00fcyoruz. Bundan sonraki k\u0131s\u0131m b\u00fcrokratik ve teknik \u00e7al\u0131\u015fmalar\u0131 kaps\u0131yor. Bu s\u00fcrecin de takip\u00e7isi olaca\u011f\u0131z&#8221; dedi.<\/p>\n<p>Mente\u015fe Hipodromu, e\u011fitim merkezi olacak<br \/>\n<br \/>Mente\u015fe\u2019ye yap\u0131lacak hipodrumun, T\u00fcrkiye\u2019deki di\u011fer hipodromlardan \u00e7ok farkl\u0131 oldu\u011funu ve \u00fcniversiteyle i\u015f birli\u011fi yap\u0131larak \u00f6\u011frencilerin her alanda deneyim kazanabilece\u011fini s\u00f6yleyen Nizamo\u011flu, &#8220;\u2019Mente\u015fe\u2019ye hipodrom hayalimizi di\u011fer hipodromdan farkl\u0131 k\u0131lan baz\u0131 \u00f6zellikler var. T\u00fcrkiye\u2019deki 10 hipodromun hi\u00e7bir pistinde \u015fut yok. \u015eut bin 200 metre d\u00fcz ko\u015fu sa\u011flayan bir alan. Bu ata ve at\u00e7\u0131ya hem b\u00fcy\u00fck bir yar\u0131\u015f keyfi veriyor hem de yar\u0131\u015f hayat\u0131na yeni ba\u015flayan taylarda, viraj d\u00f6nme zorunlulu\u011funu ortadan kald\u0131r\u0131yor ve sakatlanmalar\u0131n \u00f6n\u00fcne ge\u00e7iyor. Hipodromumuzda kapsaml\u0131 bir at hastanesinin olmas\u0131n\u0131n yan\u0131 s\u0131ra at y\u00fczme havuzlar\u0131 da dahil b\u00fcy\u00fck bir tedavi ve rehabilitasyon merkezi planl\u0131yoruz. Mente\u015fe Hipodromu\u2019nu a\u00e7\u0131k artt\u0131rma usul\u00fc tay sat\u0131\u015f merkezi haline getirmeyi hedefliyoruz&#8221; diye konu\u015ftu.<br \/><\/p>\n","protected":false},"excerpt":{"rendered":"<p>Mu\u011fla Geli\u015fim Platformu\u2019nun, Mente\u015fe\u2019ye kazand\u0131rmak istedi\u011fi hipodrom projesi i\u00e7in T\u00fcrkiye Jokey Kul\u00fcb\u00fc Y\u00f6netim Kurulu \u00dcyesi Kerem Alkan, Mu\u011fla protokol\u00fcyle bulu\u015ftu. Projeye dair resmi ve teknik konular masaya yat\u0131r\u0131ld\u0131. T\u00fcrkiye Jokey Kul\u00fcb\u00fc Y\u00f6netim Kurulu \u00dcyesi Kerem Alkan, Mu\u011fla\u2019da iki g\u00fcn boyunca protokol ziyaretlerinde bulundu. Heyet, Mu\u011fla Valisi \u0130dris Akb\u0131y\u0131k, Mu\u011fla S\u0131tk\u0131 Ko\u00e7man \u00dcniversitesi Rekt\u00f6r\u00fc Turhan Ka\u00e7ar,&#8230;<\/p>\n","protected":false},"author":1,"featured_media":54175,"comment_status":"open","ping_status":"open","sticky":false,"template":"","format":"standard","meta":{"_crdt_document":"","footnotes":""},"categories":[4],"tags":[],"class_list":["post-54174","post","type-post","status-publish","format-standard","has-post-thumbnail","hentry","category-spor"],"_links":{"self":[{"href":"https:\/\/www.egemtv.com\/index.php?rest_route=\/wp\/v2\/posts\/54174","targetHints":{"allow":["GET"]}}],"collection":[{"href":"https:\/\/www.egemtv.com\/index.php?rest_route=\/wp\/v2\/posts"}],"about":[{"href":"https:\/\/www.egemtv.com\/index.php?rest_route=\/wp\/v2\/types\/post"}],"author":[{"embeddable":true,"href":"https:\/\/www.egemtv.com\/index.php?rest_route=\/wp\/v2\/users\/1"}],"replies":[{"embeddable":true,"href":"https:\/\/www.egemtv.com\/index.php?rest_route=%2Fwp%2Fv2%2Fcomments&post=54174"}],"version-history":[{"count":1,"href":"https:\/\/www.egemtv.com\/index.php?rest_route=\/wp\/v2\/posts\/54174\/revisions"}],"predecessor-version":[{"id":54176,"href":"https:\/\/www.egemtv.com\/index.php?rest_route=\/wp\/v2\/posts\/54174\/revisions\/54176"}],"wp:featuredmedia":[{"embeddable":true,"href":"https:\/\/www.egemtv.com\/index.php?rest_route=\/wp\/v2\/media\/54175"}],"wp:attachment":[{"href":"https:\/\/www.egemtv.com\/index.php?rest_route=%2Fwp%2Fv2%2Fmedia&parent=54174"}],"wp:term":[{"taxonomy":"category","embeddable":true,"href":"https:\/\/www.egemtv.com\/index.php?rest_route=%2Fwp%2Fv2%2Fcategories&post=54174"},{"taxonomy":"post_tag","embeddable":true,"href":"https:\/\/www.egemtv.com\/index.php?rest_route=%2Fwp%2Fv2%2Ftags&post=54174"}],"curies":[{"name":"wp","href":"https:\/\/api.w.org\/{rel}","templated":true}]}}