{"id":54171,"date":"2025-09-11T13:35:07","date_gmt":"2025-09-11T10:35:07","guid":{"rendered":"https:\/\/www.egemtv.com\/?p=54171"},"modified":"2025-09-11T13:35:07","modified_gmt":"2025-09-11T10:35:07","slug":"bakircay-ovasini-kuraklik-vurdu","status":"publish","type":"post","link":"https:\/\/www.egemtv.com\/?p=54171","title":{"rendered":"Bak\u0131r\u00e7ay Ovas\u0131\u2019n\u0131 kurakl\u0131k vurdu"},"content":{"rendered":"<p>\u0130zmir\u2019de Bergama Ovas\u0131\u2019n\u0131 besleyen Bak\u0131r\u00e7ay\u2019\u0131n su seviyesi g\u00f6zle g\u00f6r\u00fcl\u00fcr bi\u00e7imde d\u00fc\u015ft\u00fc.<br \/>\n<br \/>Baz\u0131 kesimleri neredeyse tamamen kuruyan Bak\u0131r\u00e7ay\u2019\u0131n \u00f6zellikle A\u015fa\u011f\u0131k\u0131r\u0131klar, Bozk\u00f6y, Kurfall\u0131 ve Yeni K\u00f6y \u00e7evresinde tar\u0131m yapan \u00e7ift\u00e7iler, DS\u0130\u2019nin yeterli su salmamas\u0131 nedeniyle tarlalar\u0131ndaki \u00fcr\u00fcnlerin kurudu\u011funu belirterek tepkilerini dile getirdi.  \u00c7ift\u00e7iler, en b\u00fcy\u00fck kayb\u0131 suya en \u00e7ok ihtiya\u00e7 duyan pamuk, m\u0131s\u0131r ve ay\u00e7i\u00e7e\u011fi tarlalar\u0131nda ya\u015fad\u0131. Sulama program\u0131n\u0131n aksamas\u0131yla birlikte baz\u0131 ekili alanlar tamamen kururken, ayakta kalan \u00fcr\u00fcnlerde de ciddi verim kayb\u0131 g\u00f6zleniyor. &#8220;\u00dcr\u00fcnlerimiz tarlada yand\u0131. Hasat yapacak durumda de\u011filiz&#8221; diyen \u00fcreticiler, gelir kayb\u0131n\u0131n yan\u0131 s\u0131ra bor\u00e7lar\u0131n\u0131 \u00f6deyememe kayg\u0131s\u0131 ta\u015f\u0131yor.<br \/>\n<br \/>K\u00f6yl\u00fcler, sulama sezonunda planlanan suyun zaman\u0131nda ve yeterli miktarda b\u0131rak\u0131lmad\u0131\u011f\u0131n\u0131 \u00f6ne s\u00fcr\u00fcyor. DS\u0130 ise su kaynaklar\u0131n\u0131n k\u0131s\u0131tl\u0131 oldu\u011funu, barajlarda doluluk oranlar\u0131n\u0131n d\u00fc\u015f\u00fckl\u00fc\u011f\u00fc nedeniyle k\u0131s\u0131tlama yap\u0131ld\u0131\u011f\u0131n\u0131 hat\u0131rlat\u0131yor.<br \/>\n<br \/>Uzmanlar, azalan ya\u011f\u0131\u015flar\u0131n Ege havzalar\u0131nda kurakl\u0131k riskini art\u0131rd\u0131\u011f\u0131n\u0131 vurguluyor. Kuzey Ege Havzas\u0131 Kurakl\u0131k Y\u00f6netim Plan\u0131\u2019nda da &#8220;su t\u00fcketimi y\u00fcksek \u00fcr\u00fcnlerden uzak durulmas\u0131&#8221; \u00e7a\u011fr\u0131s\u0131 yap\u0131lm\u0131\u015ft\u0131. Ancak b\u00f6lgedeki \u00e7ift\u00e7iler, ge\u00e7im kaynaklar\u0131n\u0131 farkl\u0131 \u00fcr\u00fcnlere kayd\u0131rmakta zorland\u0131klar\u0131n\u0131 dile getiriyor.<\/p>\n<p>Ekonomik etkiler zincirleme<br \/>\n<br \/>Tarladaki verim kayb\u0131n\u0131n yaln\u0131zca \u00fcreticiyi de\u011fil, nakliyeden i\u015f\u00e7ili\u011fe, yem ve g\u0131da sanayine kadar b\u00f6lgedeki tar\u0131ma dayal\u0131 yan sekt\u00f6rleri de olumsuz etkilemesi bekleniyor. K\u00fc\u00e7\u00fck aile i\u015fletmeleri i\u00e7inse durum daha da kritik.<\/p>\n<p>\u00c7\u00f6z\u00fcm beklentisi<br \/>\n<br \/>\u00c7ift\u00e7iler, zararlar\u0131n\u0131n devlet taraf\u0131ndan tespit edilerek destek sa\u011flanmas\u0131n\u0131 ayr\u0131ca su y\u00f6netiminin \u015feffafla\u015ft\u0131r\u0131lmas\u0131, sulama altyap\u0131s\u0131n\u0131n yenilenmesi ve acil destek paketlerinin devreye al\u0131nmas\u0131 y\u00f6n\u00fcnde \u00e7a\u011fr\u0131 yap\u0131yor. Bak\u0131r\u00e7ay\u2019\u0131n kurumas\u0131, yaln\u0131zca bir yaz mevsimi sorunu de\u011fil; tar\u0131m\u0131n gelece\u011fini, b\u00f6lge ekonomisini ve k\u0131rsal ya\u015fam\u0131 tehdit eden derin bir krizin i\u015fareti olarak de\u011ferlendiriliyor.<br \/><\/p>\n","protected":false},"excerpt":{"rendered":"<p>\u0130zmir\u2019de Bergama Ovas\u0131\u2019n\u0131 besleyen Bak\u0131r\u00e7ay\u2019\u0131n su seviyesi g\u00f6zle g\u00f6r\u00fcl\u00fcr bi\u00e7imde d\u00fc\u015ft\u00fc. Baz\u0131 kesimleri neredeyse tamamen kuruyan Bak\u0131r\u00e7ay\u2019\u0131n \u00f6zellikle A\u015fa\u011f\u0131k\u0131r\u0131klar, Bozk\u00f6y, Kurfall\u0131 ve Yeni K\u00f6y \u00e7evresinde tar\u0131m yapan \u00e7ift\u00e7iler, DS\u0130\u2019nin yeterli su salmamas\u0131 nedeniyle tarlalar\u0131ndaki \u00fcr\u00fcnlerin kurudu\u011funu belirterek tepkilerini dile getirdi. \u00c7ift\u00e7iler, en b\u00fcy\u00fck kayb\u0131 suya en \u00e7ok ihtiya\u00e7 duyan pamuk, m\u0131s\u0131r ve ay\u00e7i\u00e7e\u011fi tarlalar\u0131nda ya\u015fad\u0131&#8230;.<\/p>\n","protected":false},"author":1,"featured_media":54172,"comment_status":"open","ping_status":"open","sticky":false,"template":"","format":"standard","meta":{"_crdt_document":"","footnotes":""},"categories":[1],"tags":[],"class_list":["post-54171","post","type-post","status-publish","format-standard","has-post-thumbnail","hentry","category-guncel"],"_links":{"self":[{"href":"https:\/\/www.egemtv.com\/index.php?rest_route=\/wp\/v2\/posts\/54171","targetHints":{"allow":["GET"]}}],"collection":[{"href":"https:\/\/www.egemtv.com\/index.php?rest_route=\/wp\/v2\/posts"}],"about":[{"href":"https:\/\/www.egemtv.com\/index.php?rest_route=\/wp\/v2\/types\/post"}],"author":[{"embeddable":true,"href":"https:\/\/www.egemtv.com\/index.php?rest_route=\/wp\/v2\/users\/1"}],"replies":[{"embeddable":true,"href":"https:\/\/www.egemtv.com\/index.php?rest_route=%2Fwp%2Fv2%2Fcomments&post=54171"}],"version-history":[{"count":1,"href":"https:\/\/www.egemtv.com\/index.php?rest_route=\/wp\/v2\/posts\/54171\/revisions"}],"predecessor-version":[{"id":54173,"href":"https:\/\/www.egemtv.com\/index.php?rest_route=\/wp\/v2\/posts\/54171\/revisions\/54173"}],"wp:featuredmedia":[{"embeddable":true,"href":"https:\/\/www.egemtv.com\/index.php?rest_route=\/wp\/v2\/media\/54172"}],"wp:attachment":[{"href":"https:\/\/www.egemtv.com\/index.php?rest_route=%2Fwp%2Fv2%2Fmedia&parent=54171"}],"wp:term":[{"taxonomy":"category","embeddable":true,"href":"https:\/\/www.egemtv.com\/index.php?rest_route=%2Fwp%2Fv2%2Fcategories&post=54171"},{"taxonomy":"post_tag","embeddable":true,"href":"https:\/\/www.egemtv.com\/index.php?rest_route=%2Fwp%2Fv2%2Ftags&post=54171"}],"curies":[{"name":"wp","href":"https:\/\/api.w.org\/{rel}","templated":true}]}}