{"id":54168,"date":"2025-09-11T13:35:06","date_gmt":"2025-09-11T10:35:06","guid":{"rendered":"https:\/\/www.egemtv.com\/?p=54168"},"modified":"2025-09-11T13:35:07","modified_gmt":"2025-09-11T10:35:07","slug":"hisarcik-konsantrator-tesislerinde-yer-ustu-maden-tatbikati","status":"publish","type":"post","link":"https:\/\/www.egemtv.com\/?p=54168","title":{"rendered":"Hisarc\u0131k konsantrat\u00f6r tesislerinde yer \u00fcst\u00fc maden tatbikat\u0131"},"content":{"rendered":"<p>Emet Bor \u0130\u015fletme M\u00fcd\u00fcrl\u00fc\u011f\u00fcne ba\u011fl\u0131 Hisarc\u0131k il\u00e7esi konsantrat\u00f6r tesislerinde 2. seviye yer \u00fcst\u00fc maden tatbikat\u0131 ger\u00e7ekle\u015ftirildi.<br \/>\n<br \/>\u0130\u015f Sa\u011fl\u0131\u011f\u0131 ve G\u00fcvenli\u011fi Kanunu kapsam\u0131nda afet ve acil durum hallerinde al\u0131nabilecek \u00f6nlemlerin belirlenmesi, acil durumlarda \u00e7al\u0131\u015fanlar\u0131n olumsuz etkilerden korunmas\u0131 ve fark\u0131ndal\u0131\u011f\u0131n artt\u0131r\u0131lmas\u0131 amac\u0131yla Hisarc\u0131k a\u00e7\u0131k ocak maden sahas\u0131nda 2. seviye yer \u00fcst\u00fc maden tatbikat\u0131 yap\u0131ld\u0131.<br \/>\n<br \/>Tatbikata Hisarc\u0131k Kaymakam Vekili Mehmet Alperen Ba\u015fkapan, Hisarc\u0131k Belediye Ba\u015fkan\u0131 Mustafa Demirta\u015f, Emet Bor \u0130\u015fletme M\u00fcd\u00fcr\u00fc Mesut Ak, Hisarc\u0131k \u0130l\u00e7e Jandarma Komutan\u0131 \u00dcste\u011fmen Kaan Nayman ve Eti Maden yetkilileri kat\u0131ld\u0131.<br \/><\/p>\n","protected":false},"excerpt":{"rendered":"<p>Emet Bor \u0130\u015fletme M\u00fcd\u00fcrl\u00fc\u011f\u00fcne ba\u011fl\u0131 Hisarc\u0131k il\u00e7esi konsantrat\u00f6r tesislerinde 2. seviye yer \u00fcst\u00fc maden tatbikat\u0131 ger\u00e7ekle\u015ftirildi. \u0130\u015f Sa\u011fl\u0131\u011f\u0131 ve G\u00fcvenli\u011fi Kanunu kapsam\u0131nda afet ve acil durum hallerinde al\u0131nabilecek \u00f6nlemlerin belirlenmesi, acil durumlarda \u00e7al\u0131\u015fanlar\u0131n olumsuz etkilerden korunmas\u0131 ve fark\u0131ndal\u0131\u011f\u0131n artt\u0131r\u0131lmas\u0131 amac\u0131yla Hisarc\u0131k a\u00e7\u0131k ocak maden sahas\u0131nda 2. seviye yer \u00fcst\u00fc maden tatbikat\u0131 yap\u0131ld\u0131. Tatbikata Hisarc\u0131k Kaymakam&#8230;<\/p>\n","protected":false},"author":1,"featured_media":54169,"comment_status":"open","ping_status":"open","sticky":false,"template":"","format":"standard","meta":{"_crdt_document":"","footnotes":""},"categories":[1],"tags":[],"class_list":["post-54168","post","type-post","status-publish","format-standard","has-post-thumbnail","hentry","category-guncel"],"_links":{"self":[{"href":"https:\/\/www.egemtv.com\/index.php?rest_route=\/wp\/v2\/posts\/54168","targetHints":{"allow":["GET"]}}],"collection":[{"href":"https:\/\/www.egemtv.com\/index.php?rest_route=\/wp\/v2\/posts"}],"about":[{"href":"https:\/\/www.egemtv.com\/index.php?rest_route=\/wp\/v2\/types\/post"}],"author":[{"embeddable":true,"href":"https:\/\/www.egemtv.com\/index.php?rest_route=\/wp\/v2\/users\/1"}],"replies":[{"embeddable":true,"href":"https:\/\/www.egemtv.com\/index.php?rest_route=%2Fwp%2Fv2%2Fcomments&post=54168"}],"version-history":[{"count":1,"href":"https:\/\/www.egemtv.com\/index.php?rest_route=\/wp\/v2\/posts\/54168\/revisions"}],"predecessor-version":[{"id":54170,"href":"https:\/\/www.egemtv.com\/index.php?rest_route=\/wp\/v2\/posts\/54168\/revisions\/54170"}],"wp:featuredmedia":[{"embeddable":true,"href":"https:\/\/www.egemtv.com\/index.php?rest_route=\/wp\/v2\/media\/54169"}],"wp:attachment":[{"href":"https:\/\/www.egemtv.com\/index.php?rest_route=%2Fwp%2Fv2%2Fmedia&parent=54168"}],"wp:term":[{"taxonomy":"category","embeddable":true,"href":"https:\/\/www.egemtv.com\/index.php?rest_route=%2Fwp%2Fv2%2Fcategories&post=54168"},{"taxonomy":"post_tag","embeddable":true,"href":"https:\/\/www.egemtv.com\/index.php?rest_route=%2Fwp%2Fv2%2Ftags&post=54168"}],"curies":[{"name":"wp","href":"https:\/\/api.w.org\/{rel}","templated":true}]}}