{"id":54165,"date":"2025-09-11T13:14:50","date_gmt":"2025-09-11T10:14:50","guid":{"rendered":"https:\/\/www.egemtv.com\/?p=54165"},"modified":"2025-09-11T13:14:51","modified_gmt":"2025-09-11T10:14:51","slug":"yarim-asirlik-tavas-baris-gazetesi-yeni-yuzuyle-okuyuculariyla-bulustu","status":"publish","type":"post","link":"https:\/\/www.egemtv.com\/?p=54165","title":{"rendered":"Yar\u0131m as\u0131rl\u0131k Tavas Bar\u0131\u015f Gazetesi yeni y\u00fcz\u00fcyle okuyucular\u0131yla bulu\u015ftu"},"content":{"rendered":"<p>Denizli\u2019nin en k\u00f6kl\u00fc yerel bas\u0131n organlar\u0131ndan Tavas Bar\u0131\u015f Gazetesi, yar\u0131m asr\u0131 a\u015fan yay\u0131n hayat\u0131nda yenilenen y\u00fcz\u00fcyle okuyucular\u0131yla bulu\u015ftu.<\/p>\n<p>1975 y\u0131l\u0131nda Osman Baybars taraf\u0131ndan kurulan Tavas Bar\u0131\u015f Gazetesi, Tavas ba\u015fta olmak \u00fczere Kale, Beya\u011fa\u00e7, Serinhisar, Ac\u0131payam ve \u00c7ameli g\u00fcndemini halka aktarmada \u00f6nemli bir g\u00f6rev \u00fcstlendi. Gazete bug\u00fcn ise yenilenen y\u00f6netim kadrosu, art\u0131r\u0131lan sayfa say\u0131s\u0131 ve g\u00fc\u00e7l\u00fc yazar ekibiyle okurlar\u0131n\u0131n kar\u015f\u0131s\u0131na \u00e7\u0131k\u0131yor.<\/p>\n<p>Emine G\u00f6ker taraf\u0131ndan y\u00fcr\u00fct\u00fclen gazetenin imtiyaz sahipli\u011fi g\u00f6revini, yeni s\u00fcre\u00e7te Yakup Ya\u015faro\u011flu devrald\u0131. Haftada 2 kez olmak \u00fczere Sal\u0131 ve Cuma g\u00fcnleri yay\u0131mlanacak Tavas Bar\u0131\u015f Gazetesi art\u0131k 12 sayfa olacak. Gazetenin ilk ve son sayfas\u0131 ile 6 ve 7. Sayfalar\u0131 renkli, i\u00e7 sayfalar ise siyah-beyaz haz\u0131rlanacak. Bu de\u011fi\u015fiklikle birlikte gazete, hem g\u00f6rsel anlamda daha zengin bir i\u00e7erik sunacak hem de okurlar\u0131na daha geni\u015f bir haber yelpazesi ula\u015ft\u0131racak.<\/p>\n<p>&#8220;Halk\u0131n sesi olmaya devam edece\u011fiz&#8221;<br \/>\n<br \/>Tavas Bar\u0131\u015f Gazetesi \u0130mtiyaz Sahibi Yakup Ya\u015faro\u011flu, Tavas Bar\u0131\u015f\u2019\u0131n ge\u00e7mi\u015fine duyulan sayg\u0131 ve gelece\u011fe dair heyecanla yola \u00e7\u0131kt\u0131klar\u0131n\u0131 belirterek, &#8220;Gazetemiz, 47 y\u0131l boyunca Tavas\u2019\u0131n ve \u00e7evre il\u00e7elerin sesi oldu. Biz bu emaneti daha ileriye ta\u015f\u0131mak istiyoruz. Sayfa say\u0131m\u0131z\u0131 art\u0131rd\u0131k, kadromuzu g\u00fc\u00e7lendirdik. Ancak en \u00f6nemlisi, yine halk\u0131n talep ve \u00f6nerilerini dikkate alarak haber yapmaya devam edece\u011fiz. Esnaftan \u00f6\u011frencisine, \u00e7ift\u00e7iden i\u015f insan\u0131na kadar herkesin yan\u0131nda olaca\u011f\u0131z. \u0130lk say\u0131s\u0131ndan bug\u00fcne kadar 4 binden fazla kez bas\u0131lan Tavas Bar\u0131\u015f, yaln\u0131zca bir gazete olman\u0131n \u00f6tesinde, b\u00f6lgenin sosyal ve k\u00fclt\u00fcrel haf\u0131zas\u0131 olarak g\u00f6r\u00fcl\u00fcyor. Ge\u00e7mi\u015fte oldu\u011fu gibi bundan sonra da il\u00e7elerin sorunlar\u0131n\u0131, geli\u015fmelerini, sevin\u00e7lerini ve kayg\u0131lar\u0131n\u0131 sayfalar\u0131na ta\u015f\u0131may\u0131 s\u00fcrd\u00fcrece\u011fiz. Yeni d\u00f6nemde \u00f6zel haber dosyalar\u0131, k\u00f6\u015fe yaz\u0131lar\u0131 ve g\u00fcndeme dair derinlemesine i\u00e7eriklerle zenginle\u015fen Gazetemiz, b\u00f6lgesinde yer alan Tavas, Kale, Beya\u011fa\u00e7, Serinhisar, Ac\u0131payam ve  \u00c7ameli il\u00e7elerine seslenmeye devam edecek&#8221; dedi.<br \/><\/p>\n","protected":false},"excerpt":{"rendered":"<p>Denizli\u2019nin en k\u00f6kl\u00fc yerel bas\u0131n organlar\u0131ndan Tavas Bar\u0131\u015f Gazetesi, yar\u0131m asr\u0131 a\u015fan yay\u0131n hayat\u0131nda yenilenen y\u00fcz\u00fcyle okuyucular\u0131yla bulu\u015ftu. 1975 y\u0131l\u0131nda Osman Baybars taraf\u0131ndan kurulan Tavas Bar\u0131\u015f Gazetesi, Tavas ba\u015fta olmak \u00fczere Kale, Beya\u011fa\u00e7, Serinhisar, Ac\u0131payam ve \u00c7ameli g\u00fcndemini halka aktarmada \u00f6nemli bir g\u00f6rev \u00fcstlendi. Gazete bug\u00fcn ise yenilenen y\u00f6netim kadrosu, art\u0131r\u0131lan sayfa say\u0131s\u0131 ve g\u00fc\u00e7l\u00fc&#8230;<\/p>\n","protected":false},"author":1,"featured_media":54166,"comment_status":"open","ping_status":"open","sticky":false,"template":"","format":"standard","meta":{"_crdt_document":"","footnotes":""},"categories":[1],"tags":[],"class_list":["post-54165","post","type-post","status-publish","format-standard","has-post-thumbnail","hentry","category-guncel"],"_links":{"self":[{"href":"https:\/\/www.egemtv.com\/index.php?rest_route=\/wp\/v2\/posts\/54165","targetHints":{"allow":["GET"]}}],"collection":[{"href":"https:\/\/www.egemtv.com\/index.php?rest_route=\/wp\/v2\/posts"}],"about":[{"href":"https:\/\/www.egemtv.com\/index.php?rest_route=\/wp\/v2\/types\/post"}],"author":[{"embeddable":true,"href":"https:\/\/www.egemtv.com\/index.php?rest_route=\/wp\/v2\/users\/1"}],"replies":[{"embeddable":true,"href":"https:\/\/www.egemtv.com\/index.php?rest_route=%2Fwp%2Fv2%2Fcomments&post=54165"}],"version-history":[{"count":1,"href":"https:\/\/www.egemtv.com\/index.php?rest_route=\/wp\/v2\/posts\/54165\/revisions"}],"predecessor-version":[{"id":54167,"href":"https:\/\/www.egemtv.com\/index.php?rest_route=\/wp\/v2\/posts\/54165\/revisions\/54167"}],"wp:featuredmedia":[{"embeddable":true,"href":"https:\/\/www.egemtv.com\/index.php?rest_route=\/wp\/v2\/media\/54166"}],"wp:attachment":[{"href":"https:\/\/www.egemtv.com\/index.php?rest_route=%2Fwp%2Fv2%2Fmedia&parent=54165"}],"wp:term":[{"taxonomy":"category","embeddable":true,"href":"https:\/\/www.egemtv.com\/index.php?rest_route=%2Fwp%2Fv2%2Fcategories&post=54165"},{"taxonomy":"post_tag","embeddable":true,"href":"https:\/\/www.egemtv.com\/index.php?rest_route=%2Fwp%2Fv2%2Ftags&post=54165"}],"curies":[{"name":"wp","href":"https:\/\/api.w.org\/{rel}","templated":true}]}}