{"id":54162,"date":"2025-09-11T13:14:49","date_gmt":"2025-09-11T10:14:49","guid":{"rendered":"https:\/\/www.egemtv.com\/?p=54162"},"modified":"2025-09-11T13:14:50","modified_gmt":"2025-09-11T10:14:50","slug":"ayesob-baskani-kunkcu-alinan-karardan-geri-donulmeli","status":"publish","type":"post","link":"https:\/\/www.egemtv.com\/?p=54162","title":{"rendered":"AYESOB Ba\u015fkan\u0131 K\u00fcnkc\u00fc: &#8220;Al\u0131nan karardan geri d\u00f6n\u00fclmeli&#8221;"},"content":{"rendered":"<p>Resmi Gazete\u2019de yay\u0131mlanan ve Ayd\u0131n\u2019\u0131n da aralar\u0131nda bulundu\u011fu 30 b\u00fcy\u00fck\u015fehirde m\u00fckelleflerin basit de\u011fil, ge\u00e7ek usulde vergilendirilmesi karar\u0131na dikkat \u00e7eken Ayd\u0131n Esnaf ve Sanatkarlar Odalar\u0131 Birli\u011fi (AYESOB) Ba\u015fkan\u0131 Muhammet Ali K\u00fcnkc\u00fc; &#8220;Al\u0131nan karardan geri d\u00f6n\u00fclmeli. Cumhurba\u015fkan\u0131m\u0131zdan yard\u0131m ve destek bekliyoruz&#8221; dedi.<\/p>\n<p>Baz\u0131 m\u00fckelleflerin basit vergilendirme usul\u00fc kapsam\u0131ndan \u00e7\u0131kar\u0131lmas\u0131 hakk\u0131ndaki karar\u0131n Resmi Gazete\u2019de yay\u0131mlanmas\u0131n\u0131n ard\u0131ndan Ayd\u0131n Esnaf ve Sanatkarlar Odalar\u0131 Birli\u011fi (AYESOB) Ba\u015fkan\u0131 Muhammet Ali K\u00fcnkc\u00fc, bir a\u00e7\u0131klama yapt\u0131. 1 Ocak 2026\u2019da y\u00fcr\u00fcrl\u00fc\u011fe girecek d\u00fczenlemeye g\u00f6re, B\u00fcy\u00fck\u015fehir Belediyesi olan illerin 30 binin \u00fczerindeki il\u00e7elerdeki m\u00fckelleflerin basit de\u011fil ger\u00e7ek usulde vergilendirilece\u011fini s\u00f6yleyen K\u00fcnkc\u00fc, karar\u0131n Ayd\u0131n\u2019da n\u00fcfusu 30 binin \u00fczerindeki il\u00e7elerde esnaf ve sanatkarl\u0131k yapan 20 bin ki\u015fiyi do\u011frudan ilgilendirdi\u011fini belirtti.<\/p>\n<p>Al\u0131nan karardan geri d\u00f6n\u00fclmesi gerekti\u011fini ifade eden Ba\u015fkan K\u00fcnkc\u00fc; &#8220;Bunun alt\u0131ndan kalkamay\u0131z. Al\u0131nan karardan geri d\u00f6n\u00fclmeli. Cumhurba\u015fkan\u0131m\u0131zdan yard\u0131m ve destek bekliyoruz. Sadece vergi de\u011fil, ekonomik y\u00fck de art\u0131yor. Genel giderler art\u0131yor. Esnaf y\u0131lda sadece 102 bin lira ile 110 bin lira aras\u0131nda Ba\u011f &#8211; Kur primi \u00f6d\u00fcyor. Bir de bunun \u00fczerine basit usulde de\u011fil de ger\u00e7ek usulde vergilendirme yap\u0131ld\u0131\u011f\u0131 zaman bunun alt\u0131ndan kalkamay\u0131z. Bu karar yanl\u0131\u015f. Gerek siyasi gerekse idari y\u00f6nden giri\u015fimlerimizi ba\u015flatt\u0131k. Ayd\u0131n\u2019da basit usul muhasebeye tabi 25 bin civar\u0131nda esnaf ve sanatkar var. N\u00fcfusu 30 binin alt\u0131ndaki il\u00e7eler ayr\u0131ld\u0131\u011f\u0131nda bu rakam 20 bine d\u00fc\u015f\u00fcyor. Bu da ciddi bir rakam. Bu karardan geri d\u00f6n\u00fcl\u00fcnceye kadar m\u00fccadelemizi verece\u011fiz&#8221; dedi.<\/p>\n<p>K\u00fc\u00e7\u00fck \u00e7aptaki esnaf ve sanatkar odalar\u0131n\u0131n basit usulden \u00f6nemli gelir elde etti\u011fini aktaran K\u00fcnkc\u00fc, karar\u0131n 1 Ocak 2026 itibar\u0131yla uygulanmas\u0131 halinde baz\u0131 odalar\u0131n kapanma riskiyle kar\u015f\u0131 kar\u015f\u0131ya kalabilece\u011fi uyar\u0131s\u0131nda da bulundu.<br \/><\/p>\n","protected":false},"excerpt":{"rendered":"<p>Resmi Gazete\u2019de yay\u0131mlanan ve Ayd\u0131n\u2019\u0131n da aralar\u0131nda bulundu\u011fu 30 b\u00fcy\u00fck\u015fehirde m\u00fckelleflerin basit de\u011fil, ge\u00e7ek usulde vergilendirilmesi karar\u0131na dikkat \u00e7eken Ayd\u0131n Esnaf ve Sanatkarlar Odalar\u0131 Birli\u011fi (AYESOB) Ba\u015fkan\u0131 Muhammet Ali K\u00fcnkc\u00fc; &#8220;Al\u0131nan karardan geri d\u00f6n\u00fclmeli. Cumhurba\u015fkan\u0131m\u0131zdan yard\u0131m ve destek bekliyoruz&#8221; dedi. Baz\u0131 m\u00fckelleflerin basit vergilendirme usul\u00fc kapsam\u0131ndan \u00e7\u0131kar\u0131lmas\u0131 hakk\u0131ndaki karar\u0131n Resmi Gazete\u2019de yay\u0131mlanmas\u0131n\u0131n ard\u0131ndan Ayd\u0131n Esnaf&#8230;<\/p>\n","protected":false},"author":1,"featured_media":54163,"comment_status":"open","ping_status":"open","sticky":false,"template":"","format":"standard","meta":{"_crdt_document":"","footnotes":""},"categories":[1],"tags":[],"class_list":["post-54162","post","type-post","status-publish","format-standard","has-post-thumbnail","hentry","category-guncel"],"_links":{"self":[{"href":"https:\/\/www.egemtv.com\/index.php?rest_route=\/wp\/v2\/posts\/54162","targetHints":{"allow":["GET"]}}],"collection":[{"href":"https:\/\/www.egemtv.com\/index.php?rest_route=\/wp\/v2\/posts"}],"about":[{"href":"https:\/\/www.egemtv.com\/index.php?rest_route=\/wp\/v2\/types\/post"}],"author":[{"embeddable":true,"href":"https:\/\/www.egemtv.com\/index.php?rest_route=\/wp\/v2\/users\/1"}],"replies":[{"embeddable":true,"href":"https:\/\/www.egemtv.com\/index.php?rest_route=%2Fwp%2Fv2%2Fcomments&post=54162"}],"version-history":[{"count":1,"href":"https:\/\/www.egemtv.com\/index.php?rest_route=\/wp\/v2\/posts\/54162\/revisions"}],"predecessor-version":[{"id":54164,"href":"https:\/\/www.egemtv.com\/index.php?rest_route=\/wp\/v2\/posts\/54162\/revisions\/54164"}],"wp:featuredmedia":[{"embeddable":true,"href":"https:\/\/www.egemtv.com\/index.php?rest_route=\/wp\/v2\/media\/54163"}],"wp:attachment":[{"href":"https:\/\/www.egemtv.com\/index.php?rest_route=%2Fwp%2Fv2%2Fmedia&parent=54162"}],"wp:term":[{"taxonomy":"category","embeddable":true,"href":"https:\/\/www.egemtv.com\/index.php?rest_route=%2Fwp%2Fv2%2Fcategories&post=54162"},{"taxonomy":"post_tag","embeddable":true,"href":"https:\/\/www.egemtv.com\/index.php?rest_route=%2Fwp%2Fv2%2Ftags&post=54162"}],"curies":[{"name":"wp","href":"https:\/\/api.w.org\/{rel}","templated":true}]}}