{"id":54159,"date":"2025-09-11T13:14:49","date_gmt":"2025-09-11T10:14:49","guid":{"rendered":"https:\/\/www.egemtv.com\/?p=54159"},"modified":"2025-09-11T13:14:49","modified_gmt":"2025-09-11T10:14:49","slug":"goktepeliler-asirlik-agaca-sahip-cikiyor","status":"publish","type":"post","link":"https:\/\/www.egemtv.com\/?p=54159","title":{"rendered":"G\u00f6ktepeliler, as\u0131rl\u0131k a\u011faca sahip \u00e7\u0131k\u0131yor"},"content":{"rendered":"<p>Mu\u011fla\u2019n\u0131n Mente\u015fe il\u00e7esine ba\u011fl\u0131 G\u00f6ktepe Mahallesi\u2019nde vatanda\u015flar \u00fc\u00e7 as\u0131rl\u0131k a\u011fac\u0131n koruma alt\u0131na al\u0131nmas\u0131n\u0131 istiyor.<\/p>\n<p>Yakla\u015f\u0131k 300 y\u0131ll\u0131k oldu\u011fu tahmin edilen G\u00f6ktepe Mahallesi Karaba\u011f mevkiindeki kara selvi a\u011fac\u0131 i\u00e7in vatanda\u015flar, a\u011fac\u0131n koruma alt\u0131na al\u0131nmas\u0131n\u0131 isteyerek yetkililere \u00e7a\u011fr\u0131da bulundu.<\/p>\n<p>G\u00f6ktepe Mahallesi\u2019nde ya\u015fayan \u00dcst\u00fcn Ya\u015fa a\u011fa\u00e7la ilgili olarak, &#8220;1700\u2019l\u00fc y\u0131llardan bu g\u00fcne kadar hi\u00e7 bir \u015fey olmayan kara selvi a\u011fac\u0131 bu zamana kadar ayakta durduysa bundan sonrada gelecek nesillere aktar\u0131lmas\u0131n\u0131 istiyoruz. Bu a\u011fa\u00e7 koruma alt\u0131na al\u0131n\u0131p bizlerden sonraki nesillere aktar\u0131lmas\u0131n\u0131 istiyoruz. Yetkililerden bu a\u011fac\u0131 koruma alt\u0131na almalar\u0131n\u0131 ve bundan sonra da koruma alt\u0131nda ya\u015famas\u0131n\u0131 istiyoruz. Bug\u00fcne kadar ayakta duran ve bizim atalar\u0131m\u0131zdan yadigar olan bu a\u011fac\u0131n koruma alt\u0131na al\u0131narak bu emanetimize sahip \u00e7\u0131kmam\u0131z gerekiyor&#8221; dedi.<br \/><\/p>\n","protected":false},"excerpt":{"rendered":"<p>Mu\u011fla\u2019n\u0131n Mente\u015fe il\u00e7esine ba\u011fl\u0131 G\u00f6ktepe Mahallesi\u2019nde vatanda\u015flar \u00fc\u00e7 as\u0131rl\u0131k a\u011fac\u0131n koruma alt\u0131na al\u0131nmas\u0131n\u0131 istiyor. Yakla\u015f\u0131k 300 y\u0131ll\u0131k oldu\u011fu tahmin edilen G\u00f6ktepe Mahallesi Karaba\u011f mevkiindeki kara selvi a\u011fac\u0131 i\u00e7in vatanda\u015flar, a\u011fac\u0131n koruma alt\u0131na al\u0131nmas\u0131n\u0131 isteyerek yetkililere \u00e7a\u011fr\u0131da bulundu. G\u00f6ktepe Mahallesi\u2019nde ya\u015fayan \u00dcst\u00fcn Ya\u015fa a\u011fa\u00e7la ilgili olarak, &#8220;1700\u2019l\u00fc y\u0131llardan bu g\u00fcne kadar hi\u00e7 bir \u015fey olmayan kara&#8230;<\/p>\n","protected":false},"author":1,"featured_media":54160,"comment_status":"open","ping_status":"open","sticky":false,"template":"","format":"standard","meta":{"_crdt_document":"","footnotes":""},"categories":[1],"tags":[],"class_list":["post-54159","post","type-post","status-publish","format-standard","has-post-thumbnail","hentry","category-guncel"],"_links":{"self":[{"href":"https:\/\/www.egemtv.com\/index.php?rest_route=\/wp\/v2\/posts\/54159","targetHints":{"allow":["GET"]}}],"collection":[{"href":"https:\/\/www.egemtv.com\/index.php?rest_route=\/wp\/v2\/posts"}],"about":[{"href":"https:\/\/www.egemtv.com\/index.php?rest_route=\/wp\/v2\/types\/post"}],"author":[{"embeddable":true,"href":"https:\/\/www.egemtv.com\/index.php?rest_route=\/wp\/v2\/users\/1"}],"replies":[{"embeddable":true,"href":"https:\/\/www.egemtv.com\/index.php?rest_route=%2Fwp%2Fv2%2Fcomments&post=54159"}],"version-history":[{"count":1,"href":"https:\/\/www.egemtv.com\/index.php?rest_route=\/wp\/v2\/posts\/54159\/revisions"}],"predecessor-version":[{"id":54161,"href":"https:\/\/www.egemtv.com\/index.php?rest_route=\/wp\/v2\/posts\/54159\/revisions\/54161"}],"wp:featuredmedia":[{"embeddable":true,"href":"https:\/\/www.egemtv.com\/index.php?rest_route=\/wp\/v2\/media\/54160"}],"wp:attachment":[{"href":"https:\/\/www.egemtv.com\/index.php?rest_route=%2Fwp%2Fv2%2Fmedia&parent=54159"}],"wp:term":[{"taxonomy":"category","embeddable":true,"href":"https:\/\/www.egemtv.com\/index.php?rest_route=%2Fwp%2Fv2%2Fcategories&post=54159"},{"taxonomy":"post_tag","embeddable":true,"href":"https:\/\/www.egemtv.com\/index.php?rest_route=%2Fwp%2Fv2%2Ftags&post=54159"}],"curies":[{"name":"wp","href":"https:\/\/api.w.org\/{rel}","templated":true}]}}