{"id":54156,"date":"2025-09-11T13:14:47","date_gmt":"2025-09-11T10:14:47","guid":{"rendered":"https:\/\/www.egemtv.com\/?p=54156"},"modified":"2025-09-11T13:14:48","modified_gmt":"2025-09-11T10:14:48","slug":"mentesede-trafik-kazasi-2-yarali","status":"publish","type":"post","link":"https:\/\/www.egemtv.com\/?p=54156","title":{"rendered":"Mente\u015fe\u2019de trafik kazas\u0131: 2 yaral\u0131"},"content":{"rendered":"<p>Mu\u011fla\u2019n\u0131n Mente\u015fe il\u00e7esinde meydana gelen trafik kazas\u0131nda 2 ki\u015fi hafif \u015fekilde yaraland\u0131.<\/p>\n<p>Edinilen bilgiye g\u00f6re, Orhaniye Mahallesi Zihni Derin Caddesi ile 112 Evler sokak kav\u015fa\u011f\u0131nda 34 VBT 61 plakal\u0131 ara\u00e7 Zihni Derin Caddesinden 112 Evler sokak istikametine d\u00f6n\u00fc\u015f yapan 48 AJC 520 plakal\u0131 araca \u00e7arpmamak i\u00e7in s\u00fcr\u00fcc\u00fcs\u00fcn\u00fcn direksiyon hakimiyetini kaybetmesi ile dere yata\u011f\u0131na d\u00fc\u015ft\u00fc. Kazay\u0131 g\u00f6ren vatanda\u015flar\u0131n durumu 112 Acil \u00c7a\u011fr\u0131 Merkezi\u2019ne bildirmesi \u00fczerine b\u00f6lgeye Sa\u011fl\u0131k, Polis ve Mu\u011fla B\u00fcy\u00fck\u015fehir Belediyesine ait itfaiye ekipleri sevk edildi. B\u00f6lgeye gelen sa\u011fl\u0131k ekipleri ara\u00e7 i\u00e7erisinde bulunan A.F.S ve yolcu konumdaki B.\u00c7.S yi olay yerinde yap\u0131lan ilk m\u00fcdahalenin ard\u0131ndan hastaneye kald\u0131r\u0131rken yaral\u0131lar\u0131n sa\u011fl\u0131k durumlar\u0131n\u0131n iyi oldu\u011fu \u00f6\u011frenildi.<\/p>\n<p>Kazayla ilgili soru\u015fturma s\u00fcr\u00fcyor.<br \/><\/p>\n","protected":false},"excerpt":{"rendered":"<p>Mu\u011fla\u2019n\u0131n Mente\u015fe il\u00e7esinde meydana gelen trafik kazas\u0131nda 2 ki\u015fi hafif \u015fekilde yaraland\u0131. Edinilen bilgiye g\u00f6re, Orhaniye Mahallesi Zihni Derin Caddesi ile 112 Evler sokak kav\u015fa\u011f\u0131nda 34 VBT 61 plakal\u0131 ara\u00e7 Zihni Derin Caddesinden 112 Evler sokak istikametine d\u00f6n\u00fc\u015f yapan 48 AJC 520 plakal\u0131 araca \u00e7arpmamak i\u00e7in s\u00fcr\u00fcc\u00fcs\u00fcn\u00fcn direksiyon hakimiyetini kaybetmesi ile dere yata\u011f\u0131na d\u00fc\u015ft\u00fc. Kazay\u0131&#8230;<\/p>\n","protected":false},"author":1,"featured_media":54157,"comment_status":"open","ping_status":"open","sticky":false,"template":"","format":"standard","meta":{"_crdt_document":"","footnotes":""},"categories":[5],"tags":[],"class_list":["post-54156","post","type-post","status-publish","format-standard","has-post-thumbnail","hentry","category-asayis"],"_links":{"self":[{"href":"https:\/\/www.egemtv.com\/index.php?rest_route=\/wp\/v2\/posts\/54156","targetHints":{"allow":["GET"]}}],"collection":[{"href":"https:\/\/www.egemtv.com\/index.php?rest_route=\/wp\/v2\/posts"}],"about":[{"href":"https:\/\/www.egemtv.com\/index.php?rest_route=\/wp\/v2\/types\/post"}],"author":[{"embeddable":true,"href":"https:\/\/www.egemtv.com\/index.php?rest_route=\/wp\/v2\/users\/1"}],"replies":[{"embeddable":true,"href":"https:\/\/www.egemtv.com\/index.php?rest_route=%2Fwp%2Fv2%2Fcomments&post=54156"}],"version-history":[{"count":1,"href":"https:\/\/www.egemtv.com\/index.php?rest_route=\/wp\/v2\/posts\/54156\/revisions"}],"predecessor-version":[{"id":54158,"href":"https:\/\/www.egemtv.com\/index.php?rest_route=\/wp\/v2\/posts\/54156\/revisions\/54158"}],"wp:featuredmedia":[{"embeddable":true,"href":"https:\/\/www.egemtv.com\/index.php?rest_route=\/wp\/v2\/media\/54157"}],"wp:attachment":[{"href":"https:\/\/www.egemtv.com\/index.php?rest_route=%2Fwp%2Fv2%2Fmedia&parent=54156"}],"wp:term":[{"taxonomy":"category","embeddable":true,"href":"https:\/\/www.egemtv.com\/index.php?rest_route=%2Fwp%2Fv2%2Fcategories&post=54156"},{"taxonomy":"post_tag","embeddable":true,"href":"https:\/\/www.egemtv.com\/index.php?rest_route=%2Fwp%2Fv2%2Ftags&post=54156"}],"curies":[{"name":"wp","href":"https:\/\/api.w.org\/{rel}","templated":true}]}}