{"id":54153,"date":"2025-09-11T12:54:40","date_gmt":"2025-09-11T09:54:40","guid":{"rendered":"https:\/\/www.egemtv.com\/?p=54153"},"modified":"2025-09-11T12:54:41","modified_gmt":"2025-09-11T09:54:41","slug":"gida-isletmelerine-yonelik-karekod-denetimi","status":"publish","type":"post","link":"https:\/\/www.egemtv.com\/?p=54153","title":{"rendered":"G\u0131da i\u015fletmelerine y\u00f6nelik karekod denetimi"},"content":{"rendered":"<p>Afyonkarahisar \u0130l Tar\u0131m ve Orman M\u00fcd\u00fcrl\u00fc\u011f\u00fc taraf\u0131ndan g\u0131da sat\u0131\u015f ve toplu t\u00fcketim yerlerinde karekod uygulamas\u0131na y\u00f6nelik bilgilendirme ama\u00e7l\u0131 denetimler ger\u00e7ekle\u015ftirildi.<br \/>\n<br \/>\u0130l M\u00fcd\u00fcr\u00fc \u00d6zkan Parlak\u2019\u0131n kat\u0131l\u0131mlar\u0131yla yap\u0131lan kontrollerde, i\u015fletmelerin yeni uygulamaya uyum sa\u011flamalar\u0131 konusunda bilgilendirme yap\u0131ld\u0131. \u0130\u015fletme sahiplerine karekod olu\u015fturma, \u00e7\u0131kt\u0131 alma ve g\u00f6r\u00fcn\u00fcr alanda sergileme s\u00fcre\u00e7leri hakk\u0131nda ayr\u0131nt\u0131l\u0131 a\u00e7\u0131klamalar yap\u0131larak, t\u00fcketicilerin \u2019TARIMCEB\u0130MDE\u2019 uygulamas\u0131 \u00fczerinden mobil cihazlar\u0131yla bu karekodlar\u0131 okutarak en son denetim bilgilerine ula\u015fabilecekleri uygulamal\u0131 olarak g\u00f6sterildi.<br \/>\n<br \/>Denetim sonras\u0131 a\u00e7\u0131klama yapan Parlak, &#8220;28 Temmuz 2025 tarihi itibar\u0131yla g\u0131da sat\u0131\u015f ve toplu t\u00fcketim yerlerinde karekod uygulamas\u0131n\u0131n zorunlu hale geldi\u011fini, vatanda\u015flar\u0131m\u0131z\u0131n g\u00fcvenilir g\u0131daya kolayca ula\u015fabilmesini ve i\u015fletmelerimizin bu s\u00fcre\u00e7te herhangi bir cezai yapt\u0131r\u0131mla kar\u015f\u0131la\u015fmamas\u0131 i\u00e7in bilgilendirme denetimleri yapt\u0131k. \u0130l m\u00fcd\u00fcrl\u00fc\u011f\u00fcm\u00fcz g\u0131da kontrol g\u00f6revlilerince g\u0131da g\u00fcvenilirli\u011fini art\u0131rmaya y\u00f6nelik bu t\u00fcr denetim ve bilgilendirme \u00e7al\u0131\u015fmalar\u0131 aral\u0131ks\u0131z devam edecektir&#8221; dedi.<br \/><\/p>\n","protected":false},"excerpt":{"rendered":"<p>Afyonkarahisar \u0130l Tar\u0131m ve Orman M\u00fcd\u00fcrl\u00fc\u011f\u00fc taraf\u0131ndan g\u0131da sat\u0131\u015f ve toplu t\u00fcketim yerlerinde karekod uygulamas\u0131na y\u00f6nelik bilgilendirme ama\u00e7l\u0131 denetimler ger\u00e7ekle\u015ftirildi. \u0130l M\u00fcd\u00fcr\u00fc \u00d6zkan Parlak\u2019\u0131n kat\u0131l\u0131mlar\u0131yla yap\u0131lan kontrollerde, i\u015fletmelerin yeni uygulamaya uyum sa\u011flamalar\u0131 konusunda bilgilendirme yap\u0131ld\u0131. \u0130\u015fletme sahiplerine karekod olu\u015fturma, \u00e7\u0131kt\u0131 alma ve g\u00f6r\u00fcn\u00fcr alanda sergileme s\u00fcre\u00e7leri hakk\u0131nda ayr\u0131nt\u0131l\u0131 a\u00e7\u0131klamalar yap\u0131larak, t\u00fcketicilerin \u2019TARIMCEB\u0130MDE\u2019 uygulamas\u0131 \u00fczerinden mobil&#8230;<\/p>\n","protected":false},"author":1,"featured_media":54154,"comment_status":"open","ping_status":"open","sticky":false,"template":"","format":"standard","meta":{"_crdt_document":"","footnotes":""},"categories":[1],"tags":[],"class_list":["post-54153","post","type-post","status-publish","format-standard","has-post-thumbnail","hentry","category-guncel"],"_links":{"self":[{"href":"https:\/\/www.egemtv.com\/index.php?rest_route=\/wp\/v2\/posts\/54153","targetHints":{"allow":["GET"]}}],"collection":[{"href":"https:\/\/www.egemtv.com\/index.php?rest_route=\/wp\/v2\/posts"}],"about":[{"href":"https:\/\/www.egemtv.com\/index.php?rest_route=\/wp\/v2\/types\/post"}],"author":[{"embeddable":true,"href":"https:\/\/www.egemtv.com\/index.php?rest_route=\/wp\/v2\/users\/1"}],"replies":[{"embeddable":true,"href":"https:\/\/www.egemtv.com\/index.php?rest_route=%2Fwp%2Fv2%2Fcomments&post=54153"}],"version-history":[{"count":1,"href":"https:\/\/www.egemtv.com\/index.php?rest_route=\/wp\/v2\/posts\/54153\/revisions"}],"predecessor-version":[{"id":54155,"href":"https:\/\/www.egemtv.com\/index.php?rest_route=\/wp\/v2\/posts\/54153\/revisions\/54155"}],"wp:featuredmedia":[{"embeddable":true,"href":"https:\/\/www.egemtv.com\/index.php?rest_route=\/wp\/v2\/media\/54154"}],"wp:attachment":[{"href":"https:\/\/www.egemtv.com\/index.php?rest_route=%2Fwp%2Fv2%2Fmedia&parent=54153"}],"wp:term":[{"taxonomy":"category","embeddable":true,"href":"https:\/\/www.egemtv.com\/index.php?rest_route=%2Fwp%2Fv2%2Fcategories&post=54153"},{"taxonomy":"post_tag","embeddable":true,"href":"https:\/\/www.egemtv.com\/index.php?rest_route=%2Fwp%2Fv2%2Ftags&post=54153"}],"curies":[{"name":"wp","href":"https:\/\/api.w.org\/{rel}","templated":true}]}}