{"id":54150,"date":"2025-09-11T12:54:40","date_gmt":"2025-09-11T09:54:40","guid":{"rendered":"https:\/\/www.egemtv.com\/?p=54150"},"modified":"2025-09-11T12:54:40","modified_gmt":"2025-09-11T09:54:40","slug":"saglik-personellerine-tesekkur-belgesi","status":"publish","type":"post","link":"https:\/\/www.egemtv.com\/?p=54150","title":{"rendered":"Sa\u011fl\u0131k personellerine te\u015fekk\u00fcr belgesi"},"content":{"rendered":"<p>Afyonkarahisar\u2019da y\u0131l\u0131n ilk alt\u0131 ay\u0131 izlem ve tarama say\u0131lar\u0131na g\u00f6re, farkl\u0131 dallarda en \u00e7ok tarama yapan sa\u011fl\u0131k personeline te\u015fekk\u00fcr belgesi verildi.<br \/>\n<br \/>3-9 Eyl\u00fcl Halk Sa\u011fl\u0131\u011f\u0131 Haftas\u0131, \u0130l Sa\u011fl\u0131k M\u00fcd\u00fcrl\u00fc\u011f\u00fc taraf\u0131ndan d\u00fczenlenen farkl\u0131 etkinliklerle dolu dolu kutland\u0131. Hafta boyunca her g\u00fcn farkl\u0131 bir tema ile koruyucu sa\u011fl\u0131k hizmetlerine dikkat \u00e7ekildi. \u00c7ocuklar\u0131n e\u011flenerek \u00f6\u011frenece\u011fi, vatanda\u015flar\u0131n fark\u0131ndal\u0131\u011f\u0131n\u0131 art\u0131racak etkinlikler d\u00fczenlendi.<br \/>\n<br \/>Etkinliklerin sonunda, sahada b\u00fcy\u00fck \u00f6zveriyle \u00e7al\u0131\u015fan sa\u011fl\u0131k personeli unutulmad\u0131. Y\u0131l\u0131n ilk alt\u0131 ay\u0131 izlem ve tarama say\u0131lar\u0131na g\u00f6re, farkl\u0131 dallarda en \u00e7ok tarama yapan sa\u011fl\u0131k personeline te\u015fekk\u00fcr belgeleri, \u0130l Sa\u011fl\u0131k M\u00fcd\u00fcr\u00fc Dr. Hakk\u0131 \u00d6zt\u00fcrk taraf\u0131ndan takdim edildi.<br \/><\/p>\n","protected":false},"excerpt":{"rendered":"<p>Afyonkarahisar\u2019da y\u0131l\u0131n ilk alt\u0131 ay\u0131 izlem ve tarama say\u0131lar\u0131na g\u00f6re, farkl\u0131 dallarda en \u00e7ok tarama yapan sa\u011fl\u0131k personeline te\u015fekk\u00fcr belgesi verildi. 3-9 Eyl\u00fcl Halk Sa\u011fl\u0131\u011f\u0131 Haftas\u0131, \u0130l Sa\u011fl\u0131k M\u00fcd\u00fcrl\u00fc\u011f\u00fc taraf\u0131ndan d\u00fczenlenen farkl\u0131 etkinliklerle dolu dolu kutland\u0131. Hafta boyunca her g\u00fcn farkl\u0131 bir tema ile koruyucu sa\u011fl\u0131k hizmetlerine dikkat \u00e7ekildi. \u00c7ocuklar\u0131n e\u011flenerek \u00f6\u011frenece\u011fi, vatanda\u015flar\u0131n fark\u0131ndal\u0131\u011f\u0131n\u0131 art\u0131racak&#8230;<\/p>\n","protected":false},"author":1,"featured_media":54151,"comment_status":"open","ping_status":"open","sticky":false,"template":"","format":"standard","meta":{"_crdt_document":"","footnotes":""},"categories":[2],"tags":[],"class_list":["post-54150","post","type-post","status-publish","format-standard","has-post-thumbnail","hentry","category-saglik"],"_links":{"self":[{"href":"https:\/\/www.egemtv.com\/index.php?rest_route=\/wp\/v2\/posts\/54150","targetHints":{"allow":["GET"]}}],"collection":[{"href":"https:\/\/www.egemtv.com\/index.php?rest_route=\/wp\/v2\/posts"}],"about":[{"href":"https:\/\/www.egemtv.com\/index.php?rest_route=\/wp\/v2\/types\/post"}],"author":[{"embeddable":true,"href":"https:\/\/www.egemtv.com\/index.php?rest_route=\/wp\/v2\/users\/1"}],"replies":[{"embeddable":true,"href":"https:\/\/www.egemtv.com\/index.php?rest_route=%2Fwp%2Fv2%2Fcomments&post=54150"}],"version-history":[{"count":1,"href":"https:\/\/www.egemtv.com\/index.php?rest_route=\/wp\/v2\/posts\/54150\/revisions"}],"predecessor-version":[{"id":54152,"href":"https:\/\/www.egemtv.com\/index.php?rest_route=\/wp\/v2\/posts\/54150\/revisions\/54152"}],"wp:featuredmedia":[{"embeddable":true,"href":"https:\/\/www.egemtv.com\/index.php?rest_route=\/wp\/v2\/media\/54151"}],"wp:attachment":[{"href":"https:\/\/www.egemtv.com\/index.php?rest_route=%2Fwp%2Fv2%2Fmedia&parent=54150"}],"wp:term":[{"taxonomy":"category","embeddable":true,"href":"https:\/\/www.egemtv.com\/index.php?rest_route=%2Fwp%2Fv2%2Fcategories&post=54150"},{"taxonomy":"post_tag","embeddable":true,"href":"https:\/\/www.egemtv.com\/index.php?rest_route=%2Fwp%2Fv2%2Ftags&post=54150"}],"curies":[{"name":"wp","href":"https:\/\/api.w.org\/{rel}","templated":true}]}}