{"id":54147,"date":"2025-09-11T12:35:05","date_gmt":"2025-09-11T09:35:05","guid":{"rendered":"https:\/\/www.egemtv.com\/?p=54147"},"modified":"2025-09-11T12:35:06","modified_gmt":"2025-09-11T09:35:06","slug":"mitoloji-film-festivali-aydinda","status":"publish","type":"post","link":"https:\/\/www.egemtv.com\/?p=54147","title":{"rendered":"Mitoloji Film Festivali Ayd\u0131n\u2019da"},"content":{"rendered":"<p>&#8220;\u0130nsanl\u0131\u011f\u0131n Ortak Hik\u00e2yesi&#8221; temas\u0131yla 22-30 Eyl\u00fcl tarihleri aras\u0131nda ger\u00e7ekle\u015fecek festivalin en dikkat \u00e7ekici aya\u011f\u0131 ise 25 Eyl\u00fcl Per\u015fembe g\u00fcn\u00fc Tralleis Antik Kenti\u2019nde hayata ge\u00e7irilecek.<\/p>\n<p>Saat 10.30\u2019da \u00e7ocuklara y\u00f6nelik &#8220;Earwing\u2019in \u015eark\u0131s\u0131&#8221; adl\u0131 film g\u00f6sterimiyle ba\u015flayacak etkinlikler, 14.30\u2019da yeti\u015fkinlere \u00f6zel &#8220;Histroy&#8221; filmiyle devam edecek. Bu film g\u00f6sterimi, Nevzat Bi\u00e7er Konferans Salonu\u2019nda ger\u00e7ekle\u015ftirilecek. Saat 17.30\u2019da \u0130sve\u00e7li topluluk YoJuliet konser verecek. Julia Sandwall (yayl\u0131lar ve piyano) ile Yohanna Eek Bj\u00f6rnulfson\u2019dan (vokal ve perk\u00fcsyon) olu\u015fan ikili, mitoloji ve edebiyat temal\u0131 eserleriyle dinleyicilerle bulu\u015facak.<\/p>\n<p>Etkinlik, saat 18.00\u2019de yazar \u00d6zlem Ertan taraf\u0131ndan anlat\u0131lacak Hitit Masal\u0131 ile mitolojik hik\u00e2yelere farkl\u0131 bir bak\u0131\u015f sunarken, ard\u0131ndan saat 18.30\u2019da ba\u015flayacak s\u00f6yle\u015fide Prof. Dr. P\u0131nar Fedakar, Prof. Dr. Aynur \u00c7ivelek ve yazar G\u00fcl\u015fah Elikbank, &#8220;\u0130nsanl\u0131\u011f\u0131n Ortak Hik\u00e2yesi&#8221; ba\u015fl\u0131\u011f\u0131 alt\u0131nda mitolojiyi tarih, k\u00fclt\u00fcr ve edebiyat anlam\u0131nda de\u011ferlendirecek. S\u00f6yle\u015fi, Prof. Dr. Murat \u00c7ekilmez moderat\u00f6rl\u00fc\u011f\u00fcnde Tralleis Antik Kenti\u2019nde ger\u00e7ekle\u015ftirilecek.<br \/><\/p>\n","protected":false},"excerpt":{"rendered":"<p>&#8220;\u0130nsanl\u0131\u011f\u0131n Ortak Hik\u00e2yesi&#8221; temas\u0131yla 22-30 Eyl\u00fcl tarihleri aras\u0131nda ger\u00e7ekle\u015fecek festivalin en dikkat \u00e7ekici aya\u011f\u0131 ise 25 Eyl\u00fcl Per\u015fembe g\u00fcn\u00fc Tralleis Antik Kenti\u2019nde hayata ge\u00e7irilecek. Saat 10.30\u2019da \u00e7ocuklara y\u00f6nelik &#8220;Earwing\u2019in \u015eark\u0131s\u0131&#8221; adl\u0131 film g\u00f6sterimiyle ba\u015flayacak etkinlikler, 14.30\u2019da yeti\u015fkinlere \u00f6zel &#8220;Histroy&#8221; filmiyle devam edecek. Bu film g\u00f6sterimi, Nevzat Bi\u00e7er Konferans Salonu\u2019nda ger\u00e7ekle\u015ftirilecek. Saat 17.30\u2019da \u0130sve\u00e7li topluluk YoJuliet&#8230;<\/p>\n","protected":false},"author":1,"featured_media":54148,"comment_status":"open","ping_status":"open","sticky":false,"template":"","format":"standard","meta":{"_crdt_document":"","footnotes":""},"categories":[1],"tags":[],"class_list":["post-54147","post","type-post","status-publish","format-standard","has-post-thumbnail","hentry","category-guncel"],"_links":{"self":[{"href":"https:\/\/www.egemtv.com\/index.php?rest_route=\/wp\/v2\/posts\/54147","targetHints":{"allow":["GET"]}}],"collection":[{"href":"https:\/\/www.egemtv.com\/index.php?rest_route=\/wp\/v2\/posts"}],"about":[{"href":"https:\/\/www.egemtv.com\/index.php?rest_route=\/wp\/v2\/types\/post"}],"author":[{"embeddable":true,"href":"https:\/\/www.egemtv.com\/index.php?rest_route=\/wp\/v2\/users\/1"}],"replies":[{"embeddable":true,"href":"https:\/\/www.egemtv.com\/index.php?rest_route=%2Fwp%2Fv2%2Fcomments&post=54147"}],"version-history":[{"count":1,"href":"https:\/\/www.egemtv.com\/index.php?rest_route=\/wp\/v2\/posts\/54147\/revisions"}],"predecessor-version":[{"id":54149,"href":"https:\/\/www.egemtv.com\/index.php?rest_route=\/wp\/v2\/posts\/54147\/revisions\/54149"}],"wp:featuredmedia":[{"embeddable":true,"href":"https:\/\/www.egemtv.com\/index.php?rest_route=\/wp\/v2\/media\/54148"}],"wp:attachment":[{"href":"https:\/\/www.egemtv.com\/index.php?rest_route=%2Fwp%2Fv2%2Fmedia&parent=54147"}],"wp:term":[{"taxonomy":"category","embeddable":true,"href":"https:\/\/www.egemtv.com\/index.php?rest_route=%2Fwp%2Fv2%2Fcategories&post=54147"},{"taxonomy":"post_tag","embeddable":true,"href":"https:\/\/www.egemtv.com\/index.php?rest_route=%2Fwp%2Fv2%2Ftags&post=54147"}],"curies":[{"name":"wp","href":"https:\/\/api.w.org\/{rel}","templated":true}]}}