{"id":54144,"date":"2025-09-11T12:35:04","date_gmt":"2025-09-11T09:35:04","guid":{"rendered":"https:\/\/www.egemtv.com\/?p=54144"},"modified":"2025-09-11T12:35:05","modified_gmt":"2025-09-11T09:35:05","slug":"kulada-ilkogretim-haftasi-kutlandi","status":"publish","type":"post","link":"https:\/\/www.egemtv.com\/?p=54144","title":{"rendered":"Kula\u2019da \u0130lk\u00f6\u011fretim Haftas\u0131 kutland\u0131"},"content":{"rendered":"<p>Manisa\u2019n\u0131n Kula il\u00e7esinde \u0130lk\u00f6\u011fretim Haftas\u0131 kutlama program\u0131, Tapduk Emre \u0130lkokulu koordinesinde ger\u00e7ekle\u015ftirildi.<br \/>\n<br \/>Manisa\u2019n\u0131n Kula il\u00e7esinde \u0130lk\u00f6\u011fretim Haftas\u0131 dolay\u0131s\u0131yla kutlama program\u0131 ger\u00e7ekle\u015ftirildi. \u015eehit \u00d6mer Halisdemir ve Yunus Emre Kent Meydan\u0131\u2019ndaki Atat\u00fcrk An\u0131t\u0131na \u00e7elenk sunulmas\u0131yla ba\u015flayan kutlama program\u0131na Yunus Emre ve \u015eehit \u00d6mer Halisdemir Kent Meydan\u0131\u2019nda devam edildi. Sayg\u0131 duru\u015funda bulunulmas\u0131 ve \u0130stiklal Mar\u015f\u0131\u2019n\u0131n okunmas\u0131n\u0131n ard\u0131ndan program\u0131n a\u00e7\u0131l\u0131\u015f konu\u015fmas\u0131n\u0131 yapan Kula \u0130l\u00e7e Milli E\u011fitim M\u00fcd\u00fcr\u00fc Ahmet Ta\u015f\u00e7\u0131, &#8220;E\u011fitim, bir milletin gelece\u011finin teminat\u0131d\u0131r. \u00d6\u011frencilerimizin, \u00f6\u011fretmenlerimizin ve velilerimizin el ele vererek \u00e7ocuklar\u0131m\u0131z\u0131 yar\u0131nlara en iyi \u015fekilde haz\u0131rlayaca\u011f\u0131na inan\u0131yoruz. \u0130lk\u00f6\u011fretim Haftas\u0131 vesilesiyle t\u00fcm \u00f6\u011frencilerimize ba\u015far\u0131l\u0131 ve verimli bir e\u011fitim-\u00f6\u011fretim y\u0131l\u0131 diliyorum.&#8221; dedi.<br \/>\n<br \/>T\u00f6ren, \u015fiirlerin okunmas\u0131 ve halk oyunu g\u00f6sterileriyle devam etti. Haftan\u0131n \u00f6nemine binaen, 4.s\u0131n\u0131f \u00f6\u011frencileri, okula yeni ba\u015flayan 1.s\u0131n\u0131f \u00f6\u011frencilerine T\u00fcrk bayra\u011f\u0131 hediye etti.<br \/>\n<br \/>Programa; Kaymakam Talha Altunta\u015f, Savc\u0131 \u015eeyma Polat Altunta\u015f, Kula Belediye Ba\u015fkan Yard\u0131mc\u0131s\u0131 Mehmet U\u00e7ak, \u0130l\u00e7e Jandarma Komutan\u0131 \u00dcste\u011fmen Bayram Y\u00fcksel, \u0130l\u00e7e Emniyet M\u00fcd\u00fcr\u00fc Secaattin Aktay, \u0130l\u00e7e Milli E\u011fitim M\u00fcd\u00fcr\u00fc Ahmet Ta\u015f\u00e7\u0131, daire amirleri, okul m\u00fcd\u00fcrleri, \u00f6\u011fretmenler, \u00f6\u011frenciler ve veliler kat\u0131ld\u0131.<br \/><\/p>\n","protected":false},"excerpt":{"rendered":"<p>Manisa\u2019n\u0131n Kula il\u00e7esinde \u0130lk\u00f6\u011fretim Haftas\u0131 kutlama program\u0131, Tapduk Emre \u0130lkokulu koordinesinde ger\u00e7ekle\u015ftirildi. Manisa\u2019n\u0131n Kula il\u00e7esinde \u0130lk\u00f6\u011fretim Haftas\u0131 dolay\u0131s\u0131yla kutlama program\u0131 ger\u00e7ekle\u015ftirildi. \u015eehit \u00d6mer Halisdemir ve Yunus Emre Kent Meydan\u0131\u2019ndaki Atat\u00fcrk An\u0131t\u0131na \u00e7elenk sunulmas\u0131yla ba\u015flayan kutlama program\u0131na Yunus Emre ve \u015eehit \u00d6mer Halisdemir Kent Meydan\u0131\u2019nda devam edildi. Sayg\u0131 duru\u015funda bulunulmas\u0131 ve \u0130stiklal Mar\u015f\u0131\u2019n\u0131n okunmas\u0131n\u0131n ard\u0131ndan program\u0131n&#8230;<\/p>\n","protected":false},"author":1,"featured_media":54145,"comment_status":"open","ping_status":"open","sticky":false,"template":"","format":"standard","meta":{"_crdt_document":"","footnotes":""},"categories":[1],"tags":[],"class_list":["post-54144","post","type-post","status-publish","format-standard","has-post-thumbnail","hentry","category-guncel"],"_links":{"self":[{"href":"https:\/\/www.egemtv.com\/index.php?rest_route=\/wp\/v2\/posts\/54144","targetHints":{"allow":["GET"]}}],"collection":[{"href":"https:\/\/www.egemtv.com\/index.php?rest_route=\/wp\/v2\/posts"}],"about":[{"href":"https:\/\/www.egemtv.com\/index.php?rest_route=\/wp\/v2\/types\/post"}],"author":[{"embeddable":true,"href":"https:\/\/www.egemtv.com\/index.php?rest_route=\/wp\/v2\/users\/1"}],"replies":[{"embeddable":true,"href":"https:\/\/www.egemtv.com\/index.php?rest_route=%2Fwp%2Fv2%2Fcomments&post=54144"}],"version-history":[{"count":1,"href":"https:\/\/www.egemtv.com\/index.php?rest_route=\/wp\/v2\/posts\/54144\/revisions"}],"predecessor-version":[{"id":54146,"href":"https:\/\/www.egemtv.com\/index.php?rest_route=\/wp\/v2\/posts\/54144\/revisions\/54146"}],"wp:featuredmedia":[{"embeddable":true,"href":"https:\/\/www.egemtv.com\/index.php?rest_route=\/wp\/v2\/media\/54145"}],"wp:attachment":[{"href":"https:\/\/www.egemtv.com\/index.php?rest_route=%2Fwp%2Fv2%2Fmedia&parent=54144"}],"wp:term":[{"taxonomy":"category","embeddable":true,"href":"https:\/\/www.egemtv.com\/index.php?rest_route=%2Fwp%2Fv2%2Fcategories&post=54144"},{"taxonomy":"post_tag","embeddable":true,"href":"https:\/\/www.egemtv.com\/index.php?rest_route=%2Fwp%2Fv2%2Ftags&post=54144"}],"curies":[{"name":"wp","href":"https:\/\/api.w.org\/{rel}","templated":true}]}}