{"id":54141,"date":"2025-09-11T12:35:03","date_gmt":"2025-09-11T09:35:03","guid":{"rendered":"https:\/\/www.egemtv.com\/?p=54141"},"modified":"2025-09-11T12:35:04","modified_gmt":"2025-09-11T09:35:04","slug":"10-uluslararasi-turkiye-treffen-cesme-alacatida-basladi","status":"publish","type":"post","link":"https:\/\/www.egemtv.com\/?p=54141","title":{"rendered":"10. Uluslararas\u0131 T\u00fcrkiye Treffen \u00c7e\u015fme-Ala\u00e7at\u0131\u2019da ba\u015flad\u0131"},"content":{"rendered":"<p>Ala\u00e7at\u0131 Turizm Derne\u011fi, Goldwing European Federation (GWEF), Goldwing Club T\u00fcrkiye (GWCTR) ve i\u015f birli\u011fiyle d\u00fczenlenen 10. Uluslararas\u0131 T\u00fcrkiye Treffen, \u0130zmir\u2019in g\u00f6zde turizm merkezi \u00c7e\u015fme-Ala\u00e7at\u0131\u2019da ba\u015flad\u0131.<br \/>\n<br \/>Bu y\u0131l 10.\u2019su d\u00fczenlenen T\u00fcrkiye Treffen, \u0130zmir\u2019in g\u00f6zde turizm merkezi \u00c7e\u015fme-Ala\u00e7at\u0131\u2019da ba\u015flad\u0131. 30\u2019dan fazla \u00fclkeden y\u00fczlerce Goldwing s\u00fcr\u00fcc\u00fcs\u00fcn\u00fc bir araya getiren bu b\u00fcy\u00fck bulu\u015fma, Honda Goldwing\u2019in 50. y\u0131l\u0131na denk gelmesi sebebiyle ayr\u0131 bir anlam ta\u015f\u0131yor. D\u00fcnyan\u0131n farkl\u0131 co\u011frafyalar\u0131ndan gelen kat\u0131l\u0131mc\u0131lar, dostluk ve payla\u015f\u0131m ruhuyla d\u00f6rt g\u00fcn boyunca \u00c7e\u015fme\u2019nin e\u015fsiz atmosferinde bulu\u015fuyor. Program kapsam\u0131nda; \u00f6zel s\u00fcr\u00fc\u015f rotalar\u0131, tekne turlar\u0131, k\u00fclt\u00fcrel geziler, konserler, \u00f6d\u00fcl t\u00f6renleri ve \u0131\u015f\u0131k g\u00f6sterileri yer al\u0131yor. 11 Eyl\u00fcl ak\u015fam\u0131 d\u00fczenlenecek &#8220;I\u015f\u0131k S\u00fcr\u00fc\u015f\u00fc&#8221;, kat\u0131l\u0131mc\u0131lar\u0131n motosikletleriyle Ala\u00e7at\u0131 sokaklar\u0131n\u0131 \u0131\u015f\u0131l \u0131\u015f\u0131l bir korteje d\u00f6n\u00fc\u015ft\u00fcrecek. 13 Eyl\u00fcl\u2019deki &#8220;\u00dclkeler Ge\u00e7i\u015fi S\u00fcr\u00fc\u015f\u00fc&#8221; ise farkl\u0131 \u00fclkelerden gelen Goldwing s\u00fcr\u00fcc\u00fclerini bayraklar\u0131yla g\u00f6rkemli bir \u015fekilde \u00c7e\u015fme Cumhuriyet Meydan\u0131nda bir araya getirecek.<br \/>\n<br \/>Organizat\u00f6rler, Treffen\u2019in sadece bir motosiklet bulu\u015fmas\u0131 de\u011fil; ayn\u0131 zamanda dostlu\u011fun, bar\u0131\u015f\u0131n ve uluslararas\u0131 dayan\u0131\u015fman\u0131n g\u00fc\u00e7l\u00fc bir simgesinin oldu\u011funu dile getirdi.<br \/>\n<br \/>Uluslararas\u0131 T\u00fcrkiye Treffen, 11-14 Eyl\u00fcl 2025 tarihleri aras\u0131nda devam edecek ve Pazar g\u00fcn\u00fc yap\u0131lacak kapan\u0131\u015f seremonisi ile sona erecek.<br \/><\/p>\n","protected":false},"excerpt":{"rendered":"<p>Ala\u00e7at\u0131 Turizm Derne\u011fi, Goldwing European Federation (GWEF), Goldwing Club T\u00fcrkiye (GWCTR) ve i\u015f birli\u011fiyle d\u00fczenlenen 10. Uluslararas\u0131 T\u00fcrkiye Treffen, \u0130zmir\u2019in g\u00f6zde turizm merkezi \u00c7e\u015fme-Ala\u00e7at\u0131\u2019da ba\u015flad\u0131. Bu y\u0131l 10.\u2019su d\u00fczenlenen T\u00fcrkiye Treffen, \u0130zmir\u2019in g\u00f6zde turizm merkezi \u00c7e\u015fme-Ala\u00e7at\u0131\u2019da ba\u015flad\u0131. 30\u2019dan fazla \u00fclkeden y\u00fczlerce Goldwing s\u00fcr\u00fcc\u00fcs\u00fcn\u00fc bir araya getiren bu b\u00fcy\u00fck bulu\u015fma, Honda Goldwing\u2019in 50. y\u0131l\u0131na denk gelmesi&#8230;<\/p>\n","protected":false},"author":1,"featured_media":54142,"comment_status":"open","ping_status":"open","sticky":false,"template":"","format":"standard","meta":{"_crdt_document":"","footnotes":""},"categories":[4],"tags":[],"class_list":["post-54141","post","type-post","status-publish","format-standard","has-post-thumbnail","hentry","category-spor"],"_links":{"self":[{"href":"https:\/\/www.egemtv.com\/index.php?rest_route=\/wp\/v2\/posts\/54141","targetHints":{"allow":["GET"]}}],"collection":[{"href":"https:\/\/www.egemtv.com\/index.php?rest_route=\/wp\/v2\/posts"}],"about":[{"href":"https:\/\/www.egemtv.com\/index.php?rest_route=\/wp\/v2\/types\/post"}],"author":[{"embeddable":true,"href":"https:\/\/www.egemtv.com\/index.php?rest_route=\/wp\/v2\/users\/1"}],"replies":[{"embeddable":true,"href":"https:\/\/www.egemtv.com\/index.php?rest_route=%2Fwp%2Fv2%2Fcomments&post=54141"}],"version-history":[{"count":1,"href":"https:\/\/www.egemtv.com\/index.php?rest_route=\/wp\/v2\/posts\/54141\/revisions"}],"predecessor-version":[{"id":54143,"href":"https:\/\/www.egemtv.com\/index.php?rest_route=\/wp\/v2\/posts\/54141\/revisions\/54143"}],"wp:featuredmedia":[{"embeddable":true,"href":"https:\/\/www.egemtv.com\/index.php?rest_route=\/wp\/v2\/media\/54142"}],"wp:attachment":[{"href":"https:\/\/www.egemtv.com\/index.php?rest_route=%2Fwp%2Fv2%2Fmedia&parent=54141"}],"wp:term":[{"taxonomy":"category","embeddable":true,"href":"https:\/\/www.egemtv.com\/index.php?rest_route=%2Fwp%2Fv2%2Fcategories&post=54141"},{"taxonomy":"post_tag","embeddable":true,"href":"https:\/\/www.egemtv.com\/index.php?rest_route=%2Fwp%2Fv2%2Ftags&post=54141"}],"curies":[{"name":"wp","href":"https:\/\/api.w.org\/{rel}","templated":true}]}}