{"id":54138,"date":"2025-09-11T12:35:01","date_gmt":"2025-09-11T09:35:01","guid":{"rendered":"https:\/\/www.egemtv.com\/?p=54138"},"modified":"2025-09-11T12:35:03","modified_gmt":"2025-09-11T09:35:03","slug":"sokede-ucurumdan-dusen-kisi-afad-ekiplerince-kurtarildi","status":"publish","type":"post","link":"https:\/\/www.egemtv.com\/?p=54138","title":{"rendered":"S\u00f6ke\u2019de u\u00e7urumdan d\u00fc\u015fen ki\u015fi AFAD ekiplerince kurtar\u0131ld\u0131"},"content":{"rendered":"<p>Ayd\u0131n\u2019\u0131n S\u00f6ke il\u00e7esinde 37 ya\u015f\u0131ndaki Ramazan Demiry\u00fcrek, yakla\u015f\u0131k 100 metrelik u\u00e7urumdan d\u00fc\u015ferek yaralan\u0131rken, \u015fahs\u0131 AFAD ekipleri kurtard\u0131.<\/p>\n<p>Olay, sabah saat 08.00 s\u0131ralar\u0131nda Atburgaz\u0131 Mahallesi\u2019nde da\u011fl\u0131k alanda meydana geldi. Hen\u00fcz bilinmeyen bir nedenle dengesini kaybederek u\u00e7urumdan a\u015fa\u011f\u0131ya d\u00fc\u015fen Demiry\u00fcrek, 112 Acil \u00c7a\u011fr\u0131 Merkezi\u2019nden yard\u0131m istedi. \u0130hbar \u00fczerine olay yerine jandarma, sa\u011fl\u0131k ve AFAD ekipleri sevk edildi.<\/p>\n<p>AFAD ekipleri taraf\u0131ndan bulundu\u011fu yerden \u00e7\u0131kar\u0131lan Demiry\u00fcrek\u2019e, sa\u011fl\u0131k ekipleri olay yerinde ilk m\u00fcdahaleyi yapt\u0131. Yaral\u0131, daha sonra ambulansla hastaneye kald\u0131r\u0131ld\u0131.<br \/><\/p>\n","protected":false},"excerpt":{"rendered":"<p>Ayd\u0131n\u2019\u0131n S\u00f6ke il\u00e7esinde 37 ya\u015f\u0131ndaki Ramazan Demiry\u00fcrek, yakla\u015f\u0131k 100 metrelik u\u00e7urumdan d\u00fc\u015ferek yaralan\u0131rken, \u015fahs\u0131 AFAD ekipleri kurtard\u0131. Olay, sabah saat 08.00 s\u0131ralar\u0131nda Atburgaz\u0131 Mahallesi\u2019nde da\u011fl\u0131k alanda meydana geldi. Hen\u00fcz bilinmeyen bir nedenle dengesini kaybederek u\u00e7urumdan a\u015fa\u011f\u0131ya d\u00fc\u015fen Demiry\u00fcrek, 112 Acil \u00c7a\u011fr\u0131 Merkezi\u2019nden yard\u0131m istedi. \u0130hbar \u00fczerine olay yerine jandarma, sa\u011fl\u0131k ve AFAD ekipleri sevk edildi&#8230;.<\/p>\n","protected":false},"author":1,"featured_media":54139,"comment_status":"open","ping_status":"open","sticky":false,"template":"","format":"standard","meta":{"_crdt_document":"","footnotes":""},"categories":[5],"tags":[],"class_list":["post-54138","post","type-post","status-publish","format-standard","has-post-thumbnail","hentry","category-asayis"],"_links":{"self":[{"href":"https:\/\/www.egemtv.com\/index.php?rest_route=\/wp\/v2\/posts\/54138","targetHints":{"allow":["GET"]}}],"collection":[{"href":"https:\/\/www.egemtv.com\/index.php?rest_route=\/wp\/v2\/posts"}],"about":[{"href":"https:\/\/www.egemtv.com\/index.php?rest_route=\/wp\/v2\/types\/post"}],"author":[{"embeddable":true,"href":"https:\/\/www.egemtv.com\/index.php?rest_route=\/wp\/v2\/users\/1"}],"replies":[{"embeddable":true,"href":"https:\/\/www.egemtv.com\/index.php?rest_route=%2Fwp%2Fv2%2Fcomments&post=54138"}],"version-history":[{"count":1,"href":"https:\/\/www.egemtv.com\/index.php?rest_route=\/wp\/v2\/posts\/54138\/revisions"}],"predecessor-version":[{"id":54140,"href":"https:\/\/www.egemtv.com\/index.php?rest_route=\/wp\/v2\/posts\/54138\/revisions\/54140"}],"wp:featuredmedia":[{"embeddable":true,"href":"https:\/\/www.egemtv.com\/index.php?rest_route=\/wp\/v2\/media\/54139"}],"wp:attachment":[{"href":"https:\/\/www.egemtv.com\/index.php?rest_route=%2Fwp%2Fv2%2Fmedia&parent=54138"}],"wp:term":[{"taxonomy":"category","embeddable":true,"href":"https:\/\/www.egemtv.com\/index.php?rest_route=%2Fwp%2Fv2%2Fcategories&post=54138"},{"taxonomy":"post_tag","embeddable":true,"href":"https:\/\/www.egemtv.com\/index.php?rest_route=%2Fwp%2Fv2%2Ftags&post=54138"}],"curies":[{"name":"wp","href":"https:\/\/api.w.org\/{rel}","templated":true}]}}