{"id":54135,"date":"2025-09-11T12:14:57","date_gmt":"2025-09-11T09:14:57","guid":{"rendered":"https:\/\/www.egemtv.com\/?p=54135"},"modified":"2025-09-11T12:14:58","modified_gmt":"2025-09-11T09:14:58","slug":"bozdoganda-ilkogretim-haftasi-kutlandi","status":"publish","type":"post","link":"https:\/\/www.egemtv.com\/?p=54135","title":{"rendered":"Bozdo\u011fan\u2019da \u0130lk\u00f6\u011fretim Haftas\u0131 kutland\u0131"},"content":{"rendered":"<p>Bozdo\u011fan\u2019da 2025-2026 e\u011fitim-\u00f6\u011fretim y\u0131l\u0131n\u0131n ba\u015flamas\u0131yla birlikte \u0130lk\u00f6\u011fretim Haftas\u0131 kutlamalar\u0131 ger\u00e7ekle\u015ftirildi.<\/p>\n<p>Merkez \u0130lkokulu\u2019nda d\u00fczenlenen programa Bozdo\u011fan Kaymakam\u0131 Yunus Emre Polat, Belediye Ba\u015fkan Yard\u0131mc\u0131s\u0131 \u0130smail \u00d6ztaban, \u0130l\u00e7e Milli E\u011fitim M\u00fcd\u00fcr\u00fc Mehmet Madran ve il\u00e7e protokol\u00fc kat\u0131ld\u0131.<\/p>\n<p>Sayg\u0131 duru\u015fu ve \u0130stiklal Mar\u015f\u0131\u2019n\u0131n ard\u0131ndan ba\u015flayan etkinlikte \u00f6\u011frenciler \u015fiirler okuyarak ve g\u00f6steriler sunarak yeni e\u011fitim y\u0131l\u0131n\u0131n heyecan\u0131n\u0131 payla\u015ft\u0131. Protokol \u00fcyeleri yapt\u0131klar\u0131 konu\u015fmalarda e\u011fitimin \u00f6nemine vurgu yaparak \u00f6\u011frencilere ve \u00f6\u011fretmenlere ba\u015far\u0131lar diledi.<\/p>\n<p>Etkinlik kapsam\u0131nda okul bah\u00e7esinde fidan dikimi de ger\u00e7ekle\u015ftirildi. Kaymakam Polat, Ba\u015fkan Yard\u0131mc\u0131s\u0131 \u00d6ztaban ve Milli E\u011fitim M\u00fcd\u00fcr\u00fc Madran, \u00f6\u011frencilerle birlikte Orman \u0130\u015fletme \u015eefli\u011fi taraf\u0131ndan temin edilen fidanlar\u0131 toprakla bulu\u015fturarak gelece\u011fe nefes oldu.<\/p>\n<p>Kutlamalar, s\u0131n\u0131f ziyaretleri ve ilk ders zilinin \u00e7almas\u0131yla sona erdi.<br \/><\/p>\n","protected":false},"excerpt":{"rendered":"<p>Bozdo\u011fan\u2019da 2025-2026 e\u011fitim-\u00f6\u011fretim y\u0131l\u0131n\u0131n ba\u015flamas\u0131yla birlikte \u0130lk\u00f6\u011fretim Haftas\u0131 kutlamalar\u0131 ger\u00e7ekle\u015ftirildi. Merkez \u0130lkokulu\u2019nda d\u00fczenlenen programa Bozdo\u011fan Kaymakam\u0131 Yunus Emre Polat, Belediye Ba\u015fkan Yard\u0131mc\u0131s\u0131 \u0130smail \u00d6ztaban, \u0130l\u00e7e Milli E\u011fitim M\u00fcd\u00fcr\u00fc Mehmet Madran ve il\u00e7e protokol\u00fc kat\u0131ld\u0131. Sayg\u0131 duru\u015fu ve \u0130stiklal Mar\u015f\u0131\u2019n\u0131n ard\u0131ndan ba\u015flayan etkinlikte \u00f6\u011frenciler \u015fiirler okuyarak ve g\u00f6steriler sunarak yeni e\u011fitim y\u0131l\u0131n\u0131n heyecan\u0131n\u0131 payla\u015ft\u0131. Protokol \u00fcyeleri&#8230;<\/p>\n","protected":false},"author":1,"featured_media":54136,"comment_status":"open","ping_status":"open","sticky":false,"template":"","format":"standard","meta":{"_crdt_document":"","footnotes":""},"categories":[1],"tags":[],"class_list":["post-54135","post","type-post","status-publish","format-standard","has-post-thumbnail","hentry","category-guncel"],"_links":{"self":[{"href":"https:\/\/www.egemtv.com\/index.php?rest_route=\/wp\/v2\/posts\/54135","targetHints":{"allow":["GET"]}}],"collection":[{"href":"https:\/\/www.egemtv.com\/index.php?rest_route=\/wp\/v2\/posts"}],"about":[{"href":"https:\/\/www.egemtv.com\/index.php?rest_route=\/wp\/v2\/types\/post"}],"author":[{"embeddable":true,"href":"https:\/\/www.egemtv.com\/index.php?rest_route=\/wp\/v2\/users\/1"}],"replies":[{"embeddable":true,"href":"https:\/\/www.egemtv.com\/index.php?rest_route=%2Fwp%2Fv2%2Fcomments&post=54135"}],"version-history":[{"count":1,"href":"https:\/\/www.egemtv.com\/index.php?rest_route=\/wp\/v2\/posts\/54135\/revisions"}],"predecessor-version":[{"id":54137,"href":"https:\/\/www.egemtv.com\/index.php?rest_route=\/wp\/v2\/posts\/54135\/revisions\/54137"}],"wp:featuredmedia":[{"embeddable":true,"href":"https:\/\/www.egemtv.com\/index.php?rest_route=\/wp\/v2\/media\/54136"}],"wp:attachment":[{"href":"https:\/\/www.egemtv.com\/index.php?rest_route=%2Fwp%2Fv2%2Fmedia&parent=54135"}],"wp:term":[{"taxonomy":"category","embeddable":true,"href":"https:\/\/www.egemtv.com\/index.php?rest_route=%2Fwp%2Fv2%2Fcategories&post=54135"},{"taxonomy":"post_tag","embeddable":true,"href":"https:\/\/www.egemtv.com\/index.php?rest_route=%2Fwp%2Fv2%2Ftags&post=54135"}],"curies":[{"name":"wp","href":"https:\/\/api.w.org\/{rel}","templated":true}]}}