{"id":54129,"date":"2025-09-11T12:14:55","date_gmt":"2025-09-11T09:14:55","guid":{"rendered":"https:\/\/www.egemtv.com\/?p=54129"},"modified":"2025-09-11T12:14:56","modified_gmt":"2025-09-11T09:14:56","slug":"sokede-kyk-yurdu-yeni-doneme-hazir","status":"publish","type":"post","link":"https:\/\/www.egemtv.com\/?p=54129","title":{"rendered":"S\u00f6ke\u2019de KYK yurdu yeni d\u00f6neme haz\u0131r"},"content":{"rendered":"<p>S\u00f6ke\u2019de 1000 \u00f6\u011frenci kapasiteli Meryem Yaz\u0131c\u0131o\u011flu KYK K\u0131z \u00d6\u011frenci Yurdu, bak\u0131m ve onar\u0131m \u00e7al\u0131\u015fmalar\u0131n\u0131n ard\u0131ndan yeni e\u011fitim y\u0131l\u0131na haz\u0131r hale getirildi.<\/p>\n<p>Adnan Menderes \u00dcniversitesi (AD\u00dc) \u00f6\u011frencilerine hizmet veren yurt, yaz tatili s\u00fcresince kapsaml\u0131 bir yenileme s\u00fcrecinden ge\u00e7ti. Katlarda ve odalarda boya, badana, temizlik ve d\u00fczenleme \u00e7al\u0131\u015fmalar\u0131 yap\u0131larak \u00f6\u011frenciler i\u00e7in daha konforlu bir ya\u015fam alan\u0131 olu\u015fturuldu.<\/p>\n<p>Yemekhane sisteminde de gerekli haz\u0131rl\u0131klar tamamland\u0131. Yurt, 22 Eyl\u00fcl\u2019de kap\u0131lar\u0131n\u0131 a\u00e7acak ve \u00f6\u011frencilerine ilk g\u00fcnden itibaren kahvalt\u0131 ile ak\u015fam yeme\u011fi hizmeti sunmaya ba\u015flayacak.<br \/><\/p>\n","protected":false},"excerpt":{"rendered":"<p>S\u00f6ke\u2019de 1000 \u00f6\u011frenci kapasiteli Meryem Yaz\u0131c\u0131o\u011flu KYK K\u0131z \u00d6\u011frenci Yurdu, bak\u0131m ve onar\u0131m \u00e7al\u0131\u015fmalar\u0131n\u0131n ard\u0131ndan yeni e\u011fitim y\u0131l\u0131na haz\u0131r hale getirildi. Adnan Menderes \u00dcniversitesi (AD\u00dc) \u00f6\u011frencilerine hizmet veren yurt, yaz tatili s\u00fcresince kapsaml\u0131 bir yenileme s\u00fcrecinden ge\u00e7ti. Katlarda ve odalarda boya, badana, temizlik ve d\u00fczenleme \u00e7al\u0131\u015fmalar\u0131 yap\u0131larak \u00f6\u011frenciler i\u00e7in daha konforlu bir ya\u015fam alan\u0131 olu\u015fturuldu&#8230;.<\/p>\n","protected":false},"author":1,"featured_media":54130,"comment_status":"open","ping_status":"open","sticky":false,"template":"","format":"standard","meta":{"_crdt_document":"","footnotes":""},"categories":[1],"tags":[],"class_list":["post-54129","post","type-post","status-publish","format-standard","has-post-thumbnail","hentry","category-guncel"],"_links":{"self":[{"href":"https:\/\/www.egemtv.com\/index.php?rest_route=\/wp\/v2\/posts\/54129","targetHints":{"allow":["GET"]}}],"collection":[{"href":"https:\/\/www.egemtv.com\/index.php?rest_route=\/wp\/v2\/posts"}],"about":[{"href":"https:\/\/www.egemtv.com\/index.php?rest_route=\/wp\/v2\/types\/post"}],"author":[{"embeddable":true,"href":"https:\/\/www.egemtv.com\/index.php?rest_route=\/wp\/v2\/users\/1"}],"replies":[{"embeddable":true,"href":"https:\/\/www.egemtv.com\/index.php?rest_route=%2Fwp%2Fv2%2Fcomments&post=54129"}],"version-history":[{"count":1,"href":"https:\/\/www.egemtv.com\/index.php?rest_route=\/wp\/v2\/posts\/54129\/revisions"}],"predecessor-version":[{"id":54131,"href":"https:\/\/www.egemtv.com\/index.php?rest_route=\/wp\/v2\/posts\/54129\/revisions\/54131"}],"wp:featuredmedia":[{"embeddable":true,"href":"https:\/\/www.egemtv.com\/index.php?rest_route=\/wp\/v2\/media\/54130"}],"wp:attachment":[{"href":"https:\/\/www.egemtv.com\/index.php?rest_route=%2Fwp%2Fv2%2Fmedia&parent=54129"}],"wp:term":[{"taxonomy":"category","embeddable":true,"href":"https:\/\/www.egemtv.com\/index.php?rest_route=%2Fwp%2Fv2%2Fcategories&post=54129"},{"taxonomy":"post_tag","embeddable":true,"href":"https:\/\/www.egemtv.com\/index.php?rest_route=%2Fwp%2Fv2%2Ftags&post=54129"}],"curies":[{"name":"wp","href":"https:\/\/api.w.org\/{rel}","templated":true}]}}