{"id":54126,"date":"2025-09-11T11:34:59","date_gmt":"2025-09-11T08:34:59","guid":{"rendered":"https:\/\/www.egemtv.com\/?p=54126"},"modified":"2025-09-11T11:35:00","modified_gmt":"2025-09-11T08:35:00","slug":"sokenin-kulak-corbasi-tescillendi","status":"publish","type":"post","link":"https:\/\/www.egemtv.com\/?p=54126","title":{"rendered":"S\u00f6ke\u2019nin &#8220;Kulak \u00c7orbas\u0131&#8221; tescillendi"},"content":{"rendered":"<p>S\u00f6ke mutfa\u011f\u0131n\u0131n vazge\u00e7ilmez tatlar\u0131ndan Kulak \u00c7orbas\u0131, T\u00fcrk Patent ve Marka Kurumu taraf\u0131ndan Co\u011frafi \u0130\u015faret ile tescillendi. S\u00f6ke Ticaret Borsas\u0131\u2019n\u0131n ba\u015fvurusu sonucu al\u0131nan bu karar, il\u00e7enin gastronomi miras\u0131na yeni bir de\u011fer kazand\u0131rd\u0131.<\/p>\n<p>S\u00f6ke Ticaret Borsas\u0131 Y\u00f6netim Kurulu Ba\u015fkan\u0131 Nejat Sa\u011fel, co\u011frafi i\u015faret tescilinin \u00f6nemine dikkat \u00e7ekerek; &#8220;Kulak \u00c7orbam\u0131z art\u0131k sadece sofralar\u0131m\u0131zda de\u011fil, resmi olarak da S\u00f6ke\u2019nin simgesi haline geldi. Nesilden nesile aktar\u0131lan bu e\u015fsiz lezzeti koruma alt\u0131na almak i\u00e7in \u00e7\u0131kt\u0131\u011f\u0131m\u0131z yolda \u00f6nemli bir ad\u0131m\u0131 tamamlad\u0131k. Bundan sonra hem S\u00f6ke\u2019nin tan\u0131t\u0131m\u0131nda hem de gastronomi turizminin geli\u015fmesinde b\u00fcy\u00fck katk\u0131 sa\u011flayacak&#8221; dedi.<\/p>\n<p>S\u00f6ke\u2019nin yaln\u0131zca tar\u0131mda de\u011fil, mutfak k\u00fclt\u00fcr\u00fcnde de iddial\u0131 bir \u015fehir oldu\u011funun alt\u0131n\u0131 \u00e7izen Nejat Sa\u011fel, ba\u015fka y\u00f6resel tatlar\u0131n da co\u011frafi i\u015faret i\u00e7in s\u0131rada oldu\u011funu belirtti. Borsa Ba\u015fkan\u0131 Sa\u011fel; &#8220;\u00d6n\u00fcm\u00fczdeki s\u00fcre\u00e7te farkl\u0131 lezzetlerimizi de co\u011frafi i\u015faretle ta\u00e7land\u0131rmak i\u00e7in \u00e7al\u0131\u015fmalar\u0131m\u0131z s\u00fcrecek. Bu tescilin S\u00f6kemize hay\u0131rl\u0131 ve u\u011furlu olmas\u0131n\u0131 diliyorum&#8221; diye konu\u015ftu.<\/p>\n<p>S\u00f6ke\u2019nin daha \u00f6nce co\u011frafi i\u015faret alm\u0131\u015f lezzetleri \u015f\u00f6yle; Tatl\u0131 Maya Ekme\u011fi, S\u00f6ke Peksimeti, S\u00f6ke Pidesi, S\u00f6ke Tahinli Pidesi, S\u00f6ke Kulak Tatl\u0131s\u0131.<br \/><\/p>\n","protected":false},"excerpt":{"rendered":"<p>S\u00f6ke mutfa\u011f\u0131n\u0131n vazge\u00e7ilmez tatlar\u0131ndan Kulak \u00c7orbas\u0131, T\u00fcrk Patent ve Marka Kurumu taraf\u0131ndan Co\u011frafi \u0130\u015faret ile tescillendi. S\u00f6ke Ticaret Borsas\u0131\u2019n\u0131n ba\u015fvurusu sonucu al\u0131nan bu karar, il\u00e7enin gastronomi miras\u0131na yeni bir de\u011fer kazand\u0131rd\u0131. S\u00f6ke Ticaret Borsas\u0131 Y\u00f6netim Kurulu Ba\u015fkan\u0131 Nejat Sa\u011fel, co\u011frafi i\u015faret tescilinin \u00f6nemine dikkat \u00e7ekerek; &#8220;Kulak \u00c7orbam\u0131z art\u0131k sadece sofralar\u0131m\u0131zda de\u011fil, resmi olarak da S\u00f6ke\u2019nin&#8230;<\/p>\n","protected":false},"author":1,"featured_media":54127,"comment_status":"open","ping_status":"open","sticky":false,"template":"","format":"standard","meta":{"_crdt_document":"","footnotes":""},"categories":[1],"tags":[],"class_list":["post-54126","post","type-post","status-publish","format-standard","has-post-thumbnail","hentry","category-guncel"],"_links":{"self":[{"href":"https:\/\/www.egemtv.com\/index.php?rest_route=\/wp\/v2\/posts\/54126","targetHints":{"allow":["GET"]}}],"collection":[{"href":"https:\/\/www.egemtv.com\/index.php?rest_route=\/wp\/v2\/posts"}],"about":[{"href":"https:\/\/www.egemtv.com\/index.php?rest_route=\/wp\/v2\/types\/post"}],"author":[{"embeddable":true,"href":"https:\/\/www.egemtv.com\/index.php?rest_route=\/wp\/v2\/users\/1"}],"replies":[{"embeddable":true,"href":"https:\/\/www.egemtv.com\/index.php?rest_route=%2Fwp%2Fv2%2Fcomments&post=54126"}],"version-history":[{"count":1,"href":"https:\/\/www.egemtv.com\/index.php?rest_route=\/wp\/v2\/posts\/54126\/revisions"}],"predecessor-version":[{"id":54128,"href":"https:\/\/www.egemtv.com\/index.php?rest_route=\/wp\/v2\/posts\/54126\/revisions\/54128"}],"wp:featuredmedia":[{"embeddable":true,"href":"https:\/\/www.egemtv.com\/index.php?rest_route=\/wp\/v2\/media\/54127"}],"wp:attachment":[{"href":"https:\/\/www.egemtv.com\/index.php?rest_route=%2Fwp%2Fv2%2Fmedia&parent=54126"}],"wp:term":[{"taxonomy":"category","embeddable":true,"href":"https:\/\/www.egemtv.com\/index.php?rest_route=%2Fwp%2Fv2%2Fcategories&post=54126"},{"taxonomy":"post_tag","embeddable":true,"href":"https:\/\/www.egemtv.com\/index.php?rest_route=%2Fwp%2Fv2%2Ftags&post=54126"}],"curies":[{"name":"wp","href":"https:\/\/api.w.org\/{rel}","templated":true}]}}