{"id":53595,"date":"2025-09-08T20:34:32","date_gmt":"2025-09-08T17:34:32","guid":{"rendered":"https:\/\/www.egemtv.com\/?p=53595"},"modified":"2025-09-08T20:34:33","modified_gmt":"2025-09-08T17:34:33","slug":"okul-cevreleri-denetimi-gerceklestirildi","status":"publish","type":"post","link":"https:\/\/www.egemtv.com\/?p=53595","title":{"rendered":"Okul \u00e7evreleri denetimi ger\u00e7ekle\u015ftirildi"},"content":{"rendered":"<p>Manisa \u0130l Jandarma Komutanl\u0131\u011f\u0131 Aile ve \u00c7ocuk K\u0131sm\u0131 koordinesinde, \u00e7ocuk ve gen\u00e7lerin korunmas\u0131na y\u00f6nelik okul \u00e7evreleri denetimi yap\u0131ld\u0131.<br \/>\n<br \/>Faaliyet kapsam\u0131nda il genelindeki t\u00fcm ilkokul, ortaokul, lise, \u00fcniversite ve \u00f6\u011frenci yurtlar\u0131n\u0131n \u00e7evreleri ile park, bah\u00e7e ve metruk binalar kontrol edildi. Okul \u00e7evresinde bulunmas\u0131na ra\u011fmen okul ile ilgisi olmayan \u015fah\u0131slar da denetim kapsam\u0131nda yak\u0131ndan takip edildi. Denetim, 93 unsur ve 343 personelin kat\u0131l\u0131m\u0131yla e\u015f zamanl\u0131 olarak il genelinde ger\u00e7ekle\u015ftirildi. Jandarma yetkilileri, bu t\u00fcr faaliyetlerin \u00f6\u011frencilerin g\u00fcvenli e\u011fitim ortam\u0131na eri\u015fimini sa\u011flamak ve olabilecek riskleri en aza indirmek amac\u0131yla d\u00fczenli olarak devam edece\u011fini belirtti.<br \/><\/p>\n","protected":false},"excerpt":{"rendered":"<p>Manisa \u0130l Jandarma Komutanl\u0131\u011f\u0131 Aile ve \u00c7ocuk K\u0131sm\u0131 koordinesinde, \u00e7ocuk ve gen\u00e7lerin korunmas\u0131na y\u00f6nelik okul \u00e7evreleri denetimi yap\u0131ld\u0131. Faaliyet kapsam\u0131nda il genelindeki t\u00fcm ilkokul, ortaokul, lise, \u00fcniversite ve \u00f6\u011frenci yurtlar\u0131n\u0131n \u00e7evreleri ile park, bah\u00e7e ve metruk binalar kontrol edildi. Okul \u00e7evresinde bulunmas\u0131na ra\u011fmen okul ile ilgisi olmayan \u015fah\u0131slar da denetim kapsam\u0131nda yak\u0131ndan takip edildi. Denetim,&#8230;<\/p>\n","protected":false},"author":1,"featured_media":53596,"comment_status":"open","ping_status":"open","sticky":false,"template":"","format":"standard","meta":{"_crdt_document":"","footnotes":""},"categories":[5],"tags":[],"class_list":["post-53595","post","type-post","status-publish","format-standard","has-post-thumbnail","hentry","category-asayis"],"_links":{"self":[{"href":"https:\/\/www.egemtv.com\/index.php?rest_route=\/wp\/v2\/posts\/53595","targetHints":{"allow":["GET"]}}],"collection":[{"href":"https:\/\/www.egemtv.com\/index.php?rest_route=\/wp\/v2\/posts"}],"about":[{"href":"https:\/\/www.egemtv.com\/index.php?rest_route=\/wp\/v2\/types\/post"}],"author":[{"embeddable":true,"href":"https:\/\/www.egemtv.com\/index.php?rest_route=\/wp\/v2\/users\/1"}],"replies":[{"embeddable":true,"href":"https:\/\/www.egemtv.com\/index.php?rest_route=%2Fwp%2Fv2%2Fcomments&post=53595"}],"version-history":[{"count":1,"href":"https:\/\/www.egemtv.com\/index.php?rest_route=\/wp\/v2\/posts\/53595\/revisions"}],"predecessor-version":[{"id":53597,"href":"https:\/\/www.egemtv.com\/index.php?rest_route=\/wp\/v2\/posts\/53595\/revisions\/53597"}],"wp:featuredmedia":[{"embeddable":true,"href":"https:\/\/www.egemtv.com\/index.php?rest_route=\/wp\/v2\/media\/53596"}],"wp:attachment":[{"href":"https:\/\/www.egemtv.com\/index.php?rest_route=%2Fwp%2Fv2%2Fmedia&parent=53595"}],"wp:term":[{"taxonomy":"category","embeddable":true,"href":"https:\/\/www.egemtv.com\/index.php?rest_route=%2Fwp%2Fv2%2Fcategories&post=53595"},{"taxonomy":"post_tag","embeddable":true,"href":"https:\/\/www.egemtv.com\/index.php?rest_route=%2Fwp%2Fv2%2Ftags&post=53595"}],"curies":[{"name":"wp","href":"https:\/\/api.w.org\/{rel}","templated":true}]}}