{"id":53589,"date":"2025-09-08T19:54:29","date_gmt":"2025-09-08T16:54:29","guid":{"rendered":"https:\/\/www.egemtv.com\/?p=53589"},"modified":"2025-09-08T19:54:30","modified_gmt":"2025-09-08T16:54:30","slug":"kask-ve-kaldirim-denetiminde-24-milyon-tl-ceza","status":"publish","type":"post","link":"https:\/\/www.egemtv.com\/?p=53589","title":{"rendered":"Kask ve kald\u0131r\u0131m denetiminde 2,4 milyon TL ceza"},"content":{"rendered":"<p>Manisa\u2019da yap\u0131lan kask ve kald\u0131r\u0131m \u00fczeri motosiklet denetiminde 919 ara\u00e7 ve s\u00fcr\u00fcc\u00fcs\u00fcne 2 milyon 428 bin 811 TL idari para cezas\u0131 uyguland\u0131\u011f\u0131 a\u00e7\u0131kland\u0131.<br \/>\n<br \/>Manisa \u0130l Emniyet M\u00fcd\u00fcrl\u00fc\u011f\u00fc Trafik Denetleme \u015eube M\u00fcd\u00fcrl\u00fc\u011f\u00fc ve il\u00e7e trafik birimleri taraf\u0131ndan 05-07 Eyl\u00fcl 2025 tarihleri aras\u0131nda ger\u00e7ekle\u015ftirilen &#8220;Kask ve Kald\u0131r\u0131m \u00dczeri Motosiklet Denetimi&#8221;nde binlerce s\u00fcr\u00fcc\u00fc denetlendi. 24 ekip ve 50 personelin g\u00f6rev ald\u0131\u011f\u0131 uygulamalarda 2 bin 255 ara\u00e7 ve s\u00fcr\u00fcc\u00fcs\u00fc kontrol edildi. Denetimlerde kusurlu g\u00f6r\u00fclen 919 ara\u00e7 ve s\u00fcr\u00fcc\u00fcs\u00fcne 2918 say\u0131l\u0131 Karayollar\u0131 Trafik Kanunu\u2019nun farkl\u0131 maddelerinden toplam 2 milyon 428 bin 811 TL idari para cezas\u0131 kesildi.<br \/>\n<br \/>Buna g\u00f6re 66\u2019nc\u0131 madde kapsam\u0131nda kald\u0131r\u0131m \u00fczerinde seyir eden 47 s\u00fcr\u00fcc\u00fcye, 78\/1-B maddesi kapsam\u0131nda kask kullanmayan 558 s\u00fcr\u00fcc\u00fcye ve di\u011fer kanun maddelerinden 244 s\u00fcr\u00fcc\u00fcye cezai i\u015flem uyguland\u0131\u011f\u0131 ve 43 arac\u0131n da trafikten men edildi\u011fi bildirildi.<br \/><\/p>\n","protected":false},"excerpt":{"rendered":"<p>Manisa\u2019da yap\u0131lan kask ve kald\u0131r\u0131m \u00fczeri motosiklet denetiminde 919 ara\u00e7 ve s\u00fcr\u00fcc\u00fcs\u00fcne 2 milyon 428 bin 811 TL idari para cezas\u0131 uyguland\u0131\u011f\u0131 a\u00e7\u0131kland\u0131. Manisa \u0130l Emniyet M\u00fcd\u00fcrl\u00fc\u011f\u00fc Trafik Denetleme \u015eube M\u00fcd\u00fcrl\u00fc\u011f\u00fc ve il\u00e7e trafik birimleri taraf\u0131ndan 05-07 Eyl\u00fcl 2025 tarihleri aras\u0131nda ger\u00e7ekle\u015ftirilen &#8220;Kask ve Kald\u0131r\u0131m \u00dczeri Motosiklet Denetimi&#8221;nde binlerce s\u00fcr\u00fcc\u00fc denetlendi. 24 ekip ve 50&#8230;<\/p>\n","protected":false},"author":1,"featured_media":53590,"comment_status":"open","ping_status":"open","sticky":false,"template":"","format":"standard","meta":{"_crdt_document":"","footnotes":""},"categories":[5],"tags":[],"class_list":["post-53589","post","type-post","status-publish","format-standard","has-post-thumbnail","hentry","category-asayis"],"_links":{"self":[{"href":"https:\/\/www.egemtv.com\/index.php?rest_route=\/wp\/v2\/posts\/53589","targetHints":{"allow":["GET"]}}],"collection":[{"href":"https:\/\/www.egemtv.com\/index.php?rest_route=\/wp\/v2\/posts"}],"about":[{"href":"https:\/\/www.egemtv.com\/index.php?rest_route=\/wp\/v2\/types\/post"}],"author":[{"embeddable":true,"href":"https:\/\/www.egemtv.com\/index.php?rest_route=\/wp\/v2\/users\/1"}],"replies":[{"embeddable":true,"href":"https:\/\/www.egemtv.com\/index.php?rest_route=%2Fwp%2Fv2%2Fcomments&post=53589"}],"version-history":[{"count":1,"href":"https:\/\/www.egemtv.com\/index.php?rest_route=\/wp\/v2\/posts\/53589\/revisions"}],"predecessor-version":[{"id":53591,"href":"https:\/\/www.egemtv.com\/index.php?rest_route=\/wp\/v2\/posts\/53589\/revisions\/53591"}],"wp:featuredmedia":[{"embeddable":true,"href":"https:\/\/www.egemtv.com\/index.php?rest_route=\/wp\/v2\/media\/53590"}],"wp:attachment":[{"href":"https:\/\/www.egemtv.com\/index.php?rest_route=%2Fwp%2Fv2%2Fmedia&parent=53589"}],"wp:term":[{"taxonomy":"category","embeddable":true,"href":"https:\/\/www.egemtv.com\/index.php?rest_route=%2Fwp%2Fv2%2Fcategories&post=53589"},{"taxonomy":"post_tag","embeddable":true,"href":"https:\/\/www.egemtv.com\/index.php?rest_route=%2Fwp%2Fv2%2Ftags&post=53589"}],"curies":[{"name":"wp","href":"https:\/\/api.w.org\/{rel}","templated":true}]}}