{"id":53586,"date":"2025-09-08T19:34:39","date_gmt":"2025-09-08T16:34:39","guid":{"rendered":"https:\/\/www.egemtv.com\/?p=53586"},"modified":"2025-09-08T19:34:40","modified_gmt":"2025-09-08T16:34:40","slug":"adu-rektor-yardimcisi-prof-dr-salan-egitim-ogretim-yili-acilisinda-ilk-dersi-verdi","status":"publish","type":"post","link":"https:\/\/www.egemtv.com\/?p=53586","title":{"rendered":"AD\u00dc Rekt\u00f6r Yard\u0131mc\u0131s\u0131 Prof. Dr. Salan, e\u011fitim \u00f6\u011fretim y\u0131l\u0131 a\u00e7\u0131l\u0131\u015f\u0131nda ilk dersi verdi"},"content":{"rendered":"<p>AD\u00dc Rekt\u00f6r Yard\u0131mc\u0131s\u0131 Prof. Dr. Erkan Salan, 2025-2026 e\u011fitim-\u00f6\u011fretim y\u0131l\u0131n\u0131n a\u00e7\u0131l\u0131\u015f\u0131nda Nazilli As\u0131m\u0131n Nesli Anadolu \u0130mam Hatip Lisesi \u00f6\u011frencileriyle bir araya gelerek anlaml\u0131 bir bulu\u015fmaya imza att\u0131.<br \/>\n<br \/>&#8220;Dilimiz ve De\u011ferlerimiz&#8221; ba\u015fl\u0131kl\u0131 ilk dersinde T\u00fcrk\u00e7enin k\u00f6kl\u00fc ge\u00e7mi\u015fine ve zengin ifade g\u00fcc\u00fcne dikkat \u00e7eken Prof. Dr. Salan, dilin milletlerin kimli\u011fi ve k\u00fclt\u00fcrel haf\u0131zas\u0131 oldu\u011funa vurgu yapt\u0131. Milli ve manevi de\u011ferlerin gelecek nesillere aktar\u0131lmas\u0131n\u0131n \u00f6nemine de\u011finen Prof. Dr. Erkan Salan, \u00f6\u011frencilere hem kendi k\u00fclt\u00fcrel miraslar\u0131na sahip \u00e7\u0131kmalar\u0131 hem de evrensel de\u011ferlere a\u00e7\u0131k bireyler olmalar\u0131 y\u00f6n\u00fcnde tavsiyelerde bulundu.<br \/>\n<br \/>\u00d6\u011frencilerin yo\u011fun ilgiyle takip etti\u011fi ders, yeni e\u011fitim-\u00f6\u011fretim y\u0131l\u0131na g\u00fc\u00e7l\u00fc bir motivasyon ve derin bir anlam kazand\u0131rd\u0131. Konu\u015fmas\u0131n\u0131n sonunda Prof. Dr. Erkan Salan, &#8220;Yeni e\u011fitim-\u00f6\u011fretim y\u0131l\u0131 t\u00fcm \u00f6\u011frenci ve \u00f6\u011fretmenlerimize ba\u015far\u0131, sa\u011fl\u0131k ve huzur getirsin&#8221; diyerek hay\u0131rl\u0131 bir y\u0131l temennisinde bulundu.<br \/><\/p>\n","protected":false},"excerpt":{"rendered":"<p>AD\u00dc Rekt\u00f6r Yard\u0131mc\u0131s\u0131 Prof. Dr. Erkan Salan, 2025-2026 e\u011fitim-\u00f6\u011fretim y\u0131l\u0131n\u0131n a\u00e7\u0131l\u0131\u015f\u0131nda Nazilli As\u0131m\u0131n Nesli Anadolu \u0130mam Hatip Lisesi \u00f6\u011frencileriyle bir araya gelerek anlaml\u0131 bir bulu\u015fmaya imza att\u0131. &#8220;Dilimiz ve De\u011ferlerimiz&#8221; ba\u015fl\u0131kl\u0131 ilk dersinde T\u00fcrk\u00e7enin k\u00f6kl\u00fc ge\u00e7mi\u015fine ve zengin ifade g\u00fcc\u00fcne dikkat \u00e7eken Prof. Dr. Salan, dilin milletlerin kimli\u011fi ve k\u00fclt\u00fcrel haf\u0131zas\u0131 oldu\u011funa vurgu yapt\u0131. Milli&#8230;<\/p>\n","protected":false},"author":1,"featured_media":53587,"comment_status":"open","ping_status":"open","sticky":false,"template":"","format":"standard","meta":{"_crdt_document":"","footnotes":""},"categories":[1],"tags":[],"class_list":["post-53586","post","type-post","status-publish","format-standard","has-post-thumbnail","hentry","category-guncel"],"_links":{"self":[{"href":"https:\/\/www.egemtv.com\/index.php?rest_route=\/wp\/v2\/posts\/53586","targetHints":{"allow":["GET"]}}],"collection":[{"href":"https:\/\/www.egemtv.com\/index.php?rest_route=\/wp\/v2\/posts"}],"about":[{"href":"https:\/\/www.egemtv.com\/index.php?rest_route=\/wp\/v2\/types\/post"}],"author":[{"embeddable":true,"href":"https:\/\/www.egemtv.com\/index.php?rest_route=\/wp\/v2\/users\/1"}],"replies":[{"embeddable":true,"href":"https:\/\/www.egemtv.com\/index.php?rest_route=%2Fwp%2Fv2%2Fcomments&post=53586"}],"version-history":[{"count":1,"href":"https:\/\/www.egemtv.com\/index.php?rest_route=\/wp\/v2\/posts\/53586\/revisions"}],"predecessor-version":[{"id":53588,"href":"https:\/\/www.egemtv.com\/index.php?rest_route=\/wp\/v2\/posts\/53586\/revisions\/53588"}],"wp:featuredmedia":[{"embeddable":true,"href":"https:\/\/www.egemtv.com\/index.php?rest_route=\/wp\/v2\/media\/53587"}],"wp:attachment":[{"href":"https:\/\/www.egemtv.com\/index.php?rest_route=%2Fwp%2Fv2%2Fmedia&parent=53586"}],"wp:term":[{"taxonomy":"category","embeddable":true,"href":"https:\/\/www.egemtv.com\/index.php?rest_route=%2Fwp%2Fv2%2Fcategories&post=53586"},{"taxonomy":"post_tag","embeddable":true,"href":"https:\/\/www.egemtv.com\/index.php?rest_route=%2Fwp%2Fv2%2Ftags&post=53586"}],"curies":[{"name":"wp","href":"https:\/\/api.w.org\/{rel}","templated":true}]}}