{"id":53583,"date":"2025-09-08T19:34:39","date_gmt":"2025-09-08T16:34:39","guid":{"rendered":"https:\/\/www.egemtv.com\/?p=53583"},"modified":"2025-09-08T19:34:39","modified_gmt":"2025-09-08T16:34:39","slug":"ortacada-arkadasini-olduren-saniga-15-yil-hapis","status":"publish","type":"post","link":"https:\/\/www.egemtv.com\/?p=53583","title":{"rendered":"Ortaca\u2019da arkada\u015f\u0131n\u0131 \u00f6ld\u00fcren san\u0131\u011fa 15 y\u0131l hapis"},"content":{"rendered":"<p>Mu\u011fla\u2019n\u0131n Ortaca il\u00e7esinde \u00fcvey annesiyle ili\u015fkisi oldu\u011fu iddias\u0131 ile tart\u0131\u015ft\u0131\u011f\u0131 arkada\u015f\u0131n\u0131 \u00f6ld\u00fcren san\u0131k, 15 y\u0131l hapis cezas\u0131na \u00e7arpt\u0131r\u0131ld\u0131.<br \/>\n<br \/>13 A\u011fustos 2024 tarihinde saat 22.00 s\u0131ralar\u0131nda Ortaca\u2019n\u0131n Be\u015fk\u00f6pr\u00fc Mahallesi\u2019nde meydana gelen olayda, Furkan K. (23), sokak ortas\u0131nda tart\u0131\u015ft\u0131\u011f\u0131 arkada\u015f\u0131 Mutlu K\u0131l\u0131n\u00e7\u2019\u0131 (29), olay yerinde bulunan Z.Z (18) ve O.G.\u2019nin (18) yan\u0131nda av t\u00fcfe\u011fi ile \u00f6ld\u00fcrd\u00fc. Ard\u0131ndan av t\u00fcfe\u011fi ile birlikte polise teslim olan Furkan K. ve olay yerinde bulunan Z.Z ve O.G tutukland\u0131.<br \/>\n<br \/>Fethiye 3. A\u011f\u0131r Ceza Mahkemesi\u2019nde g\u00f6r\u00fclen karar duru\u015fmas\u0131na tutuklu san\u0131k Furkan K. ile taraf avukatlar\u0131 kat\u0131ld\u0131. Daha \u00f6nceki duru\u015fmada tahliye edilen tutuksuz yarg\u0131lanan O.G. ise SEGB\u0130S arac\u0131l\u0131\u011f\u0131yla duru\u015fmaya ba\u011flan\u0131rken, Z.Z.\u2019nin ise sadece avukat\u0131 yer ald\u0131.<br \/>\n<br \/>Tan\u0131k olarak dinlenen B.C.T., san\u0131k ile hayat\u0131n\u0131 kaybeden Mutlu K\u0131l\u0131n\u00e7 aras\u0131nda, Furkan K.\u2019nin \u00fcvey annesi nedeniyle bir s\u00fcredir husumet bulundu\u011funu, taraflar\u0131n daha \u00f6nce telefon \u00fczerinden k\u00fcf\u00fcrle\u015fti\u011fini ifade etti.<br \/>\n<br \/>Mahkeme heyeti, Furkan K.\u2019yi &#8220;kasten \u00f6ld\u00fcrme&#8221; su\u00e7undan m\u00fcebbet hapis cezas\u0131na mahkum etti. Haks\u0131z tahrik ve takdiri indirim h\u00fck\u00fcmlerini uygulayarak cezay\u0131 15 y\u0131la indirdi. San\u0131kla birlikte yarg\u0131lanan O.G. ve Z.Z. hakk\u0131nda ise beraat karar\u0131 verildi.<br \/><\/p>\n","protected":false},"excerpt":{"rendered":"<p>Mu\u011fla\u2019n\u0131n Ortaca il\u00e7esinde \u00fcvey annesiyle ili\u015fkisi oldu\u011fu iddias\u0131 ile tart\u0131\u015ft\u0131\u011f\u0131 arkada\u015f\u0131n\u0131 \u00f6ld\u00fcren san\u0131k, 15 y\u0131l hapis cezas\u0131na \u00e7arpt\u0131r\u0131ld\u0131. 13 A\u011fustos 2024 tarihinde saat 22.00 s\u0131ralar\u0131nda Ortaca\u2019n\u0131n Be\u015fk\u00f6pr\u00fc Mahallesi\u2019nde meydana gelen olayda, Furkan K. (23), sokak ortas\u0131nda tart\u0131\u015ft\u0131\u011f\u0131 arkada\u015f\u0131 Mutlu K\u0131l\u0131n\u00e7\u2019\u0131 (29), olay yerinde bulunan Z.Z (18) ve O.G.\u2019nin (18) yan\u0131nda av t\u00fcfe\u011fi ile \u00f6ld\u00fcrd\u00fc. Ard\u0131ndan&#8230;<\/p>\n","protected":false},"author":1,"featured_media":53584,"comment_status":"open","ping_status":"open","sticky":false,"template":"","format":"standard","meta":{"_crdt_document":"","footnotes":""},"categories":[5],"tags":[],"class_list":["post-53583","post","type-post","status-publish","format-standard","has-post-thumbnail","hentry","category-asayis"],"_links":{"self":[{"href":"https:\/\/www.egemtv.com\/index.php?rest_route=\/wp\/v2\/posts\/53583","targetHints":{"allow":["GET"]}}],"collection":[{"href":"https:\/\/www.egemtv.com\/index.php?rest_route=\/wp\/v2\/posts"}],"about":[{"href":"https:\/\/www.egemtv.com\/index.php?rest_route=\/wp\/v2\/types\/post"}],"author":[{"embeddable":true,"href":"https:\/\/www.egemtv.com\/index.php?rest_route=\/wp\/v2\/users\/1"}],"replies":[{"embeddable":true,"href":"https:\/\/www.egemtv.com\/index.php?rest_route=%2Fwp%2Fv2%2Fcomments&post=53583"}],"version-history":[{"count":1,"href":"https:\/\/www.egemtv.com\/index.php?rest_route=\/wp\/v2\/posts\/53583\/revisions"}],"predecessor-version":[{"id":53585,"href":"https:\/\/www.egemtv.com\/index.php?rest_route=\/wp\/v2\/posts\/53583\/revisions\/53585"}],"wp:featuredmedia":[{"embeddable":true,"href":"https:\/\/www.egemtv.com\/index.php?rest_route=\/wp\/v2\/media\/53584"}],"wp:attachment":[{"href":"https:\/\/www.egemtv.com\/index.php?rest_route=%2Fwp%2Fv2%2Fmedia&parent=53583"}],"wp:term":[{"taxonomy":"category","embeddable":true,"href":"https:\/\/www.egemtv.com\/index.php?rest_route=%2Fwp%2Fv2%2Fcategories&post=53583"},{"taxonomy":"post_tag","embeddable":true,"href":"https:\/\/www.egemtv.com\/index.php?rest_route=%2Fwp%2Fv2%2Ftags&post=53583"}],"curies":[{"name":"wp","href":"https:\/\/api.w.org\/{rel}","templated":true}]}}