{"id":53580,"date":"2025-09-08T19:34:38","date_gmt":"2025-09-08T16:34:38","guid":{"rendered":"https:\/\/www.egemtv.com\/?p=53580"},"modified":"2025-09-08T19:34:39","modified_gmt":"2025-09-08T16:34:39","slug":"polis-merkezi-saldirisiyla-baglantili-iranli-zanli-istanbulda-yakalandi","status":"publish","type":"post","link":"https:\/\/www.egemtv.com\/?p=53580","title":{"rendered":"Polis merkezi sald\u0131r\u0131s\u0131yla ba\u011flant\u0131l\u0131 \u0130ranl\u0131 zanl\u0131 \u0130stanbul\u2019da yakaland\u0131"},"content":{"rendered":"<p>\u0130zmir\u2019in Bal\u00e7ova il\u00e7esinde polis merkezine yap\u0131lan sald\u0131r\u0131ya ili\u015fkin soru\u015fturmada g\u00f6zalt\u0131 say\u0131s\u0131 6\u2019ya y\u00fckseldi. Sald\u0131rganla ba\u011flant\u0131l\u0131 oldu\u011fu belirlenen \u0130ran vatanda\u015f\u0131 zanl\u0131, \u0130stanbul\u2019un Esenyurt il\u00e7esinde yakaland\u0131.<br \/>\n<br \/>\u0130zmir\u2019in Bal\u00e7ova il\u00e7esinde polis merkezine d\u00fczenlenen ve 2 polisin \u015fehit oldu\u011fu, 2 polisin de yaraland\u0131\u011f\u0131 sald\u0131r\u0131ya ili\u015fkin y\u00fcr\u00fct\u00fclen soru\u015fturma kapsam\u0131nda yeni bir g\u00f6zalt\u0131 daha ger\u00e7ekle\u015ftirildi. Bal\u00e7ova\u2019daki sald\u0131r\u0131y\u0131 ger\u00e7ekle\u015ftiren ve yaral\u0131 olarak yakalanan 16 ya\u015f\u0131ndaki E.B. ile ba\u011flant\u0131l\u0131 oldu\u011fu belirlenen \u0130ran vatanda\u015f\u0131 Khaleg Nooriborojerdi (32), \u0130stanbul\u2019un Esenyurt il\u00e7esinde g\u00f6zalt\u0131na al\u0131nd\u0131.<br \/>\n<br \/>Olay sonras\u0131 ba\u015flat\u0131lan soru\u015fturma kapsam\u0131nda daha \u00f6nce sald\u0131rgan\u0131n babas\u0131 N.B., annesi A.B. ve iki arkada\u015f\u0131 da g\u00f6zalt\u0131na al\u0131nm\u0131\u015ft\u0131. Nooriborojerdi\u2019nin yakalanmas\u0131yla birlikte g\u00f6zalt\u0131 say\u0131s\u0131 6\u2019ya y\u00fckseldi.<\/p>\n<p>Cenaze t\u00f6renleri yar\u0131n<br \/>\n<br \/>\u00d6te yandan meydana gelen sald\u0131r\u0131da \u015fehit d\u00fc\u015fen polisler i\u00e7in Gaziemir 15 Temmuz \u015eehitler Camiinde cenaze t\u00f6reni d\u00fczenlenecek. \u00d6\u011fle namaz\u0131n\u0131 m\u00fcteakip k\u0131l\u0131nacak cenaze namaz\u0131ndan sonra 1. S\u0131n\u0131f Emniyet M\u00fcd\u00fcr\u00fc Polis Ba\u015fm\u00fcfetti\u015fi Muhsin Aydemir\u2019in naa\u015f\u0131 Bornova I\u015f\u0131kkent Polis \u015eehitli\u011fine, \u015eehit Polis Memuru Hasan Ak\u0131n\u2019\u0131n naa\u015f\u0131 ise Urla il\u00e7esi Ku\u015f\u00e7ular Mahallesi Ova Mezarl\u0131\u011f\u0131na defnedilecek.<br \/><\/p>\n","protected":false},"excerpt":{"rendered":"<p>\u0130zmir\u2019in Bal\u00e7ova il\u00e7esinde polis merkezine yap\u0131lan sald\u0131r\u0131ya ili\u015fkin soru\u015fturmada g\u00f6zalt\u0131 say\u0131s\u0131 6\u2019ya y\u00fckseldi. Sald\u0131rganla ba\u011flant\u0131l\u0131 oldu\u011fu belirlenen \u0130ran vatanda\u015f\u0131 zanl\u0131, \u0130stanbul\u2019un Esenyurt il\u00e7esinde yakaland\u0131. \u0130zmir\u2019in Bal\u00e7ova il\u00e7esinde polis merkezine d\u00fczenlenen ve 2 polisin \u015fehit oldu\u011fu, 2 polisin de yaraland\u0131\u011f\u0131 sald\u0131r\u0131ya ili\u015fkin y\u00fcr\u00fct\u00fclen soru\u015fturma kapsam\u0131nda yeni bir g\u00f6zalt\u0131 daha ger\u00e7ekle\u015ftirildi. Bal\u00e7ova\u2019daki sald\u0131r\u0131y\u0131 ger\u00e7ekle\u015ftiren ve yaral\u0131 olarak&#8230;<\/p>\n","protected":false},"author":1,"featured_media":53581,"comment_status":"open","ping_status":"open","sticky":false,"template":"","format":"standard","meta":{"_crdt_document":"","footnotes":""},"categories":[5],"tags":[],"class_list":["post-53580","post","type-post","status-publish","format-standard","has-post-thumbnail","hentry","category-asayis"],"_links":{"self":[{"href":"https:\/\/www.egemtv.com\/index.php?rest_route=\/wp\/v2\/posts\/53580","targetHints":{"allow":["GET"]}}],"collection":[{"href":"https:\/\/www.egemtv.com\/index.php?rest_route=\/wp\/v2\/posts"}],"about":[{"href":"https:\/\/www.egemtv.com\/index.php?rest_route=\/wp\/v2\/types\/post"}],"author":[{"embeddable":true,"href":"https:\/\/www.egemtv.com\/index.php?rest_route=\/wp\/v2\/users\/1"}],"replies":[{"embeddable":true,"href":"https:\/\/www.egemtv.com\/index.php?rest_route=%2Fwp%2Fv2%2Fcomments&post=53580"}],"version-history":[{"count":1,"href":"https:\/\/www.egemtv.com\/index.php?rest_route=\/wp\/v2\/posts\/53580\/revisions"}],"predecessor-version":[{"id":53582,"href":"https:\/\/www.egemtv.com\/index.php?rest_route=\/wp\/v2\/posts\/53580\/revisions\/53582"}],"wp:featuredmedia":[{"embeddable":true,"href":"https:\/\/www.egemtv.com\/index.php?rest_route=\/wp\/v2\/media\/53581"}],"wp:attachment":[{"href":"https:\/\/www.egemtv.com\/index.php?rest_route=%2Fwp%2Fv2%2Fmedia&parent=53580"}],"wp:term":[{"taxonomy":"category","embeddable":true,"href":"https:\/\/www.egemtv.com\/index.php?rest_route=%2Fwp%2Fv2%2Fcategories&post=53580"},{"taxonomy":"post_tag","embeddable":true,"href":"https:\/\/www.egemtv.com\/index.php?rest_route=%2Fwp%2Fv2%2Ftags&post=53580"}],"curies":[{"name":"wp","href":"https:\/\/api.w.org\/{rel}","templated":true}]}}