{"id":53577,"date":"2025-09-08T19:34:37","date_gmt":"2025-09-08T16:34:37","guid":{"rendered":"https:\/\/www.egemtv.com\/?p=53577"},"modified":"2025-09-08T19:34:38","modified_gmt":"2025-09-08T16:34:38","slug":"gazzedeki-cocuklar-icin-bos-siralar-etkinligi","status":"publish","type":"post","link":"https:\/\/www.egemtv.com\/?p=53577","title":{"rendered":"Gazze\u2019deki \u00e7ocuklar i\u00e7in &#8220;Bo\u015f S\u0131ralar&#8221; etkinli\u011fi"},"content":{"rendered":"<p>AK Parti Ayd\u0131n \u0130l Gen\u00e7lik Kollar\u0131, Gazze\u2019de sava\u015f nedeniyle e\u011fitim hakk\u0131ndan mahrum b\u0131rak\u0131lan ve ya\u015fam\u0131n\u0131 yitiren \u00e7ocuklara dikkat \u00e7ekmek i\u00e7in Atat\u00fcrk Kent Meydan\u0131\u2019nda &#8220;Bo\u015f S\u0131ralar&#8221; etkinli\u011fi d\u00fczenledi.<\/p>\n<p>Meydana bo\u015f s\u0131ralar yerle\u015ftirilirken, \u00fczerinde Gazze\u2019deki \u00e7ocuklar\u0131n dram\u0131n\u0131 anlatan d\u00f6vizler ve &#8220;Bu s\u0131ralar bo\u015f \u00e7\u00fcnk\u00fc \u0130srail \u00e7ocuklar\u0131 \u00f6ld\u00fcr\u00fcyor&#8221; yaz\u0131l\u0131 pankart vatanda\u015flar\u0131n ilgisini \u00e7ekti.<\/p>\n<p>Etkinlikte konu\u015fan AK Parti Ayd\u0131n \u0130l Gen\u00e7lik Y\u00f6netim Kurulu \u00dcyesi Azra T\u00fcrkmen, Gazze\u2019de \u00e7ocuklar\u0131n en temel haklar\u0131ndan mahrum b\u0131rak\u0131ld\u0131\u011f\u0131n\u0131 belirterek, &#8220;Okul s\u0131ralar\u0131 bo\u015f kald\u0131, defterler a\u00e7\u0131lmadan kapand\u0131, kalemler k\u0131r\u0131ld\u0131. \u0130srail\u2019in bombalar\u0131 \u00e7ocuklar\u0131n hayallerini \u00e7al\u0131yor. Biz gen\u00e7lik olarak bu zulm\u00fc lanetliyor, Filistinli karde\u015flerimizin yan\u0131nda oldu\u011fumuzu ilan ediyoruz&#8221; dedi.<\/p>\n<p>T\u00fcrkmen, uluslararas\u0131 topluma da \u00e7a\u011fr\u0131 yaparak, &#8220;\u00c7ocuk katili \u0130srail kar\u015f\u0131s\u0131nda susanlar, insanl\u0131k su\u00e7una ortak oluyor. Tarih bu utanc\u0131 affetmeyecektir&#8221; ifadelerini kulland\u0131.<\/p>\n<p>Etkinli\u011fe AK Parti Ayd\u0131n \u0130l Gen\u00e7lik Kollar\u0131 Ba\u015fkan\u0131 \u00d6m\u00fcr \u00d6zipek ve gen\u00e7lik kollar\u0131 \u00fcyeleri de kat\u0131larak Gazze\u2019de hayat\u0131n\u0131 kaybeden \u00e7ocuklar\u0131n an\u0131s\u0131na sessiz destek verdi.<br \/><\/p>\n","protected":false},"excerpt":{"rendered":"<p>AK Parti Ayd\u0131n \u0130l Gen\u00e7lik Kollar\u0131, Gazze\u2019de sava\u015f nedeniyle e\u011fitim hakk\u0131ndan mahrum b\u0131rak\u0131lan ve ya\u015fam\u0131n\u0131 yitiren \u00e7ocuklara dikkat \u00e7ekmek i\u00e7in Atat\u00fcrk Kent Meydan\u0131\u2019nda &#8220;Bo\u015f S\u0131ralar&#8221; etkinli\u011fi d\u00fczenledi. Meydana bo\u015f s\u0131ralar yerle\u015ftirilirken, \u00fczerinde Gazze\u2019deki \u00e7ocuklar\u0131n dram\u0131n\u0131 anlatan d\u00f6vizler ve &#8220;Bu s\u0131ralar bo\u015f \u00e7\u00fcnk\u00fc \u0130srail \u00e7ocuklar\u0131 \u00f6ld\u00fcr\u00fcyor&#8221; yaz\u0131l\u0131 pankart vatanda\u015flar\u0131n ilgisini \u00e7ekti. Etkinlikte konu\u015fan AK Parti Ayd\u0131n&#8230;<\/p>\n","protected":false},"author":1,"featured_media":53578,"comment_status":"open","ping_status":"open","sticky":false,"template":"","format":"standard","meta":{"_crdt_document":"","footnotes":""},"categories":[1],"tags":[],"class_list":["post-53577","post","type-post","status-publish","format-standard","has-post-thumbnail","hentry","category-guncel"],"_links":{"self":[{"href":"https:\/\/www.egemtv.com\/index.php?rest_route=\/wp\/v2\/posts\/53577","targetHints":{"allow":["GET"]}}],"collection":[{"href":"https:\/\/www.egemtv.com\/index.php?rest_route=\/wp\/v2\/posts"}],"about":[{"href":"https:\/\/www.egemtv.com\/index.php?rest_route=\/wp\/v2\/types\/post"}],"author":[{"embeddable":true,"href":"https:\/\/www.egemtv.com\/index.php?rest_route=\/wp\/v2\/users\/1"}],"replies":[{"embeddable":true,"href":"https:\/\/www.egemtv.com\/index.php?rest_route=%2Fwp%2Fv2%2Fcomments&post=53577"}],"version-history":[{"count":1,"href":"https:\/\/www.egemtv.com\/index.php?rest_route=\/wp\/v2\/posts\/53577\/revisions"}],"predecessor-version":[{"id":53579,"href":"https:\/\/www.egemtv.com\/index.php?rest_route=\/wp\/v2\/posts\/53577\/revisions\/53579"}],"wp:featuredmedia":[{"embeddable":true,"href":"https:\/\/www.egemtv.com\/index.php?rest_route=\/wp\/v2\/media\/53578"}],"wp:attachment":[{"href":"https:\/\/www.egemtv.com\/index.php?rest_route=%2Fwp%2Fv2%2Fmedia&parent=53577"}],"wp:term":[{"taxonomy":"category","embeddable":true,"href":"https:\/\/www.egemtv.com\/index.php?rest_route=%2Fwp%2Fv2%2Fcategories&post=53577"},{"taxonomy":"post_tag","embeddable":true,"href":"https:\/\/www.egemtv.com\/index.php?rest_route=%2Fwp%2Fv2%2Ftags&post=53577"}],"curies":[{"name":"wp","href":"https:\/\/api.w.org\/{rel}","templated":true}]}}