{"id":53574,"date":"2025-09-08T19:34:36","date_gmt":"2025-09-08T16:34:36","guid":{"rendered":"https:\/\/www.egemtv.com\/?p=53574"},"modified":"2025-09-08T19:34:37","modified_gmt":"2025-09-08T16:34:37","slug":"milletvekili-ahmet-erbastan-kutahyaspora-1-milyon-tl-destek","status":"publish","type":"post","link":"https:\/\/www.egemtv.com\/?p=53574","title":{"rendered":"Milletvekili Ahmet Erba\u015f\u2019tan K\u00fctahyaspor\u2019a 1 milyon TL destek"},"content":{"rendered":"<p>Milliyet\u00e7i Hareket Partisi (MHP) K\u00fctahya Milletvekili Ahmet Erba\u015f, TFF 3. Lig\u2019de m\u00fccadele eden K\u00fctahyaspor\u2019a 1 milyon TL ba\u011f\u0131\u015fta bulundu.<br \/>\n<br \/>MHP K\u00fctahya Milletvekili Ahmet Erba\u015f, ge\u00e7ti\u011fimiz g\u00fcnlerde K\u00fctahyaspor y\u00f6netimiyle bir araya gelerek kul\u00fcb\u00fcn kentin en \u00f6nemli de\u011ferlerinden biri oldu\u011funu vurgulad\u0131. K\u00fctahyaspor\u2019un K\u00fctahya\u2019n\u0131n ortak paydas\u0131 oldu\u011funu belirten Erba\u015f, &#8220;Hep birlikte sahip \u00e7\u0131kmal\u0131y\u0131z&#8221; dedi.<br \/>\n<br \/>Milletvekili Erba\u015f, toplant\u0131n\u0131n ard\u0131ndan K\u00fctahyaspor\u2019a 1 milyon TL destek vererek kul\u00fcbe katk\u0131 sa\u011flad\u0131.<br \/><\/p>\n","protected":false},"excerpt":{"rendered":"<p>Milliyet\u00e7i Hareket Partisi (MHP) K\u00fctahya Milletvekili Ahmet Erba\u015f, TFF 3. Lig\u2019de m\u00fccadele eden K\u00fctahyaspor\u2019a 1 milyon TL ba\u011f\u0131\u015fta bulundu. MHP K\u00fctahya Milletvekili Ahmet Erba\u015f, ge\u00e7ti\u011fimiz g\u00fcnlerde K\u00fctahyaspor y\u00f6netimiyle bir araya gelerek kul\u00fcb\u00fcn kentin en \u00f6nemli de\u011ferlerinden biri oldu\u011funu vurgulad\u0131. K\u00fctahyaspor\u2019un K\u00fctahya\u2019n\u0131n ortak paydas\u0131 oldu\u011funu belirten Erba\u015f, &#8220;Hep birlikte sahip \u00e7\u0131kmal\u0131y\u0131z&#8221; dedi. Milletvekili Erba\u015f, toplant\u0131n\u0131n ard\u0131ndan&#8230;<\/p>\n","protected":false},"author":1,"featured_media":53575,"comment_status":"open","ping_status":"open","sticky":false,"template":"","format":"standard","meta":{"_crdt_document":"","footnotes":""},"categories":[4],"tags":[],"class_list":["post-53574","post","type-post","status-publish","format-standard","has-post-thumbnail","hentry","category-spor"],"_links":{"self":[{"href":"https:\/\/www.egemtv.com\/index.php?rest_route=\/wp\/v2\/posts\/53574","targetHints":{"allow":["GET"]}}],"collection":[{"href":"https:\/\/www.egemtv.com\/index.php?rest_route=\/wp\/v2\/posts"}],"about":[{"href":"https:\/\/www.egemtv.com\/index.php?rest_route=\/wp\/v2\/types\/post"}],"author":[{"embeddable":true,"href":"https:\/\/www.egemtv.com\/index.php?rest_route=\/wp\/v2\/users\/1"}],"replies":[{"embeddable":true,"href":"https:\/\/www.egemtv.com\/index.php?rest_route=%2Fwp%2Fv2%2Fcomments&post=53574"}],"version-history":[{"count":1,"href":"https:\/\/www.egemtv.com\/index.php?rest_route=\/wp\/v2\/posts\/53574\/revisions"}],"predecessor-version":[{"id":53576,"href":"https:\/\/www.egemtv.com\/index.php?rest_route=\/wp\/v2\/posts\/53574\/revisions\/53576"}],"wp:featuredmedia":[{"embeddable":true,"href":"https:\/\/www.egemtv.com\/index.php?rest_route=\/wp\/v2\/media\/53575"}],"wp:attachment":[{"href":"https:\/\/www.egemtv.com\/index.php?rest_route=%2Fwp%2Fv2%2Fmedia&parent=53574"}],"wp:term":[{"taxonomy":"category","embeddable":true,"href":"https:\/\/www.egemtv.com\/index.php?rest_route=%2Fwp%2Fv2%2Fcategories&post=53574"},{"taxonomy":"post_tag","embeddable":true,"href":"https:\/\/www.egemtv.com\/index.php?rest_route=%2Fwp%2Fv2%2Ftags&post=53574"}],"curies":[{"name":"wp","href":"https:\/\/api.w.org\/{rel}","templated":true}]}}