{"id":53571,"date":"2025-09-08T19:34:36","date_gmt":"2025-09-08T16:34:36","guid":{"rendered":"https:\/\/www.egemtv.com\/?p=53571"},"modified":"2025-09-08T19:34:36","modified_gmt":"2025-09-08T16:34:36","slug":"belediyeden-sahiplendirme-icin-onemli-is-birligi","status":"publish","type":"post","link":"https:\/\/www.egemtv.com\/?p=53571","title":{"rendered":"Belediyeden sahiplendirme i\u00e7in \u00f6nemli i\u015f birli\u011fi"},"content":{"rendered":"<p>Bodrum Belediyesi, Bodrum Kent Konseyi Hayvanlar\u0131n Ya\u015fam Hakk\u0131n\u0131 Koruma \u00c7al\u0131\u015fma Grubu ve K\u00d6PKE (K\u00f6pek ve Kedileri Yuvaland\u0131rma Platformu) aras\u0131nda sokak hayvanlar\u0131n\u0131n sahiplendirilmesine y\u00f6nelik protokol imzaland\u0131.<\/p>\n<p>8 Eyl\u00fcl Pazartesi g\u00fcn\u00fc Bodrum Belediyesi Ba\u015fkanl\u0131k Makam\u0131nda ger\u00e7ekle\u015ftirilen i\u015f birli\u011fi toplant\u0131s\u0131na Ba\u015fkan Tamer Mandalinci, Bodrum Kent Konseyi Hayvanlar\u0131n Ya\u015fam Hakk\u0131n\u0131 Koruma \u00c7al\u0131\u015fma Grubu s\u00f6zc\u00fcs\u00fc Beh\u00e7et Ak ve K\u00d6PKE Platformunun kurucusu Batuhan At\u0131lgan kat\u0131ld\u0131. Kar\u015f\u0131l\u0131kl\u0131 imzalanan protokol ile sokakta ya\u015fayan ya da bak\u0131mevlerinde bulunan sahipsiz hayvanlar\u0131n g\u00fcvenli, bilin\u00e7li ve kal\u0131c\u0131 yuvalara kavu\u015fmas\u0131 hedefleniyor.<\/p>\n<p>Bodrum Belediye Ba\u015fkan\u0131 Tamer Mandalinci, yap\u0131lan i\u015f birli\u011finin \u00f6nemini vurgulayarak &#8220;Sahipsiz hayvanlar\u0131n sa\u011fl\u0131k kontrollerinin yap\u0131lmas\u0131, g\u00fcvenli \u015fartlarda ya\u015famalar\u0131n sa\u011flamak ve onlara kal\u0131c\u0131 yuvalar bulmak yerel y\u00f6netimler olarak \u00f6ncelikli g\u00f6revlerimiz aras\u0131ndad\u0131r. Yerel y\u00f6netim olarak bizler, sokaktaki ve ge\u00e7ici bak\u0131m merkezlerimizdeki patili dostlar\u0131m\u0131z\u0131n en iyi \u015fartlarda  ya\u015famlar\u0131n\u0131 s\u00fcrd\u00fcrmeleri i\u00e7in \u00e7al\u0131\u015f\u0131yoruz. Bodrum Kent Konseyi Hayvanlar\u0131n Ya\u015fam Hakk\u0131n\u0131 Koruma \u00c7al\u0131\u015fma Grubu ve K\u00d6PKE platformu ile hayata ge\u00e7irilen bu i\u015f birli\u011fi sokaktaki canlar\u0131m\u0131z\u0131n hak etti\u011fi ya\u015fam \u015fartlar\u0131na kavu\u015fmas\u0131 i\u00e7in \u00f6nemli bir ad\u0131md\u0131r. Bu protokol\u00fcn yaln\u0131zca Bodrum\u2019a de\u011fil \u00fclkemizdeki di\u011fer kentlere de \u00f6rnek olaca\u011f\u0131na inan\u0131yorum. Bu s\u00fcre\u00e7te eme\u011fi ge\u00e7en t\u00fcm kurum ve g\u00f6n\u00fcll\u00fclerimize te\u015fekk\u00fcr ediyor, vatanda\u015flar\u0131m\u0131z\u0131 da sahiplendirme seferberli\u011fine destek olmaya davet ediyorum&#8221; dedi.<\/p>\n<p>Bodrum Belediyesi Veteriner \u0130\u015fleri M\u00fcd\u00fcrl\u00fc\u011f\u00fc yuvaland\u0131r\u0131lacak hayvanlar\u0131n sa\u011fl\u0131k kontrollerini yaparak sahiplendirmeye uygun hale getirilmesinden sorumlu olacak. Ayr\u0131ca sahiplendirilecek hayvanlar\u0131n bilgileri ve g\u00f6rselleri Bodrum Belediyesi arac\u0131l\u0131\u011f\u0131yla Bodrum Kent Konseyi Hayvanlar\u0131n Ya\u015fam Hakk\u0131n\u0131 Koruma \u00c7al\u0131\u015fma Grubu\u2019na iletilecek ve kamuoyuna y\u00f6nelik bilgilendirme \u00e7al\u0131\u015fmalar\u0131na destek verilecek.<\/p>\n<p>Bodrum Kent Konseyi\u2019nden Koordinasyon<br \/>\n<br \/>Bodrum Kent Konseyi Hayvanlar\u0131n Ya\u015fam Hakk\u0131n\u0131 Koruma \u00c7al\u0131\u015fma Grubu, hayvanlar\u0131n ilan bilgilerini do\u011fru ve eksiksiz bi\u00e7imde K\u00d6PKE platformuna y\u00fckleyecek. Ard\u0131ndan vatanda\u015flar\u0131n sahiplendirme ba\u015fvurular\u0131n\u0131 de\u011ferlendirerek uygun bulunan adaylar\u0131 belediye yetkililerine y\u00f6nlendirecek.<\/p>\n<p>K\u00d6PKE platformu ise dijital altyap\u0131y\u0131 sa\u011flayarak ilanlar\u0131n yay\u0131nlanmas\u0131n\u0131, ba\u015fvurular\u0131n toplanmas\u0131n\u0131 ve yapay zeka destekli filtreleme sistemiyle en uygun e\u015fle\u015ftirmelerin yap\u0131lmas\u0131n\u0131 \u00fcstlenecek. Ayr\u0131ca ilan i\u00e7eriklerinin d\u00fczenlenmesi ve sosyal medyada tan\u0131t\u0131m\u0131 konusunda Bodrum Kent Konseyi Hayvanlar\u0131n ya\u015fam Hakk\u0131n\u0131 Koruma \u00c7al\u0131\u015fma Grubu ile \u00e7al\u0131\u015facak.<\/p>\n<p>Taraflar, sahiplendirme s\u00fcre\u00e7lerinin yan\u0131 s\u0131ra billboardlar, sosyal medya ve \u00e7e\u015fitli etkinliklerle hayvanlar haklar\u0131n haklar\u0131na y\u00f6nelik fark\u0131ndal\u0131k \u00e7al\u0131\u015fmalar\u0131n\u0131 da birlikte y\u00fcr\u00fctecek.<br \/><\/p>\n","protected":false},"excerpt":{"rendered":"<p>Bodrum Belediyesi, Bodrum Kent Konseyi Hayvanlar\u0131n Ya\u015fam Hakk\u0131n\u0131 Koruma \u00c7al\u0131\u015fma Grubu ve K\u00d6PKE (K\u00f6pek ve Kedileri Yuvaland\u0131rma Platformu) aras\u0131nda sokak hayvanlar\u0131n\u0131n sahiplendirilmesine y\u00f6nelik protokol imzaland\u0131. 8 Eyl\u00fcl Pazartesi g\u00fcn\u00fc Bodrum Belediyesi Ba\u015fkanl\u0131k Makam\u0131nda ger\u00e7ekle\u015ftirilen i\u015f birli\u011fi toplant\u0131s\u0131na Ba\u015fkan Tamer Mandalinci, Bodrum Kent Konseyi Hayvanlar\u0131n Ya\u015fam Hakk\u0131n\u0131 Koruma \u00c7al\u0131\u015fma Grubu s\u00f6zc\u00fcs\u00fc Beh\u00e7et Ak ve K\u00d6PKE Platformunun&#8230;<\/p>\n","protected":false},"author":1,"featured_media":53572,"comment_status":"open","ping_status":"open","sticky":false,"template":"","format":"standard","meta":{"_crdt_document":"","footnotes":""},"categories":[1],"tags":[],"class_list":["post-53571","post","type-post","status-publish","format-standard","has-post-thumbnail","hentry","category-guncel"],"_links":{"self":[{"href":"https:\/\/www.egemtv.com\/index.php?rest_route=\/wp\/v2\/posts\/53571","targetHints":{"allow":["GET"]}}],"collection":[{"href":"https:\/\/www.egemtv.com\/index.php?rest_route=\/wp\/v2\/posts"}],"about":[{"href":"https:\/\/www.egemtv.com\/index.php?rest_route=\/wp\/v2\/types\/post"}],"author":[{"embeddable":true,"href":"https:\/\/www.egemtv.com\/index.php?rest_route=\/wp\/v2\/users\/1"}],"replies":[{"embeddable":true,"href":"https:\/\/www.egemtv.com\/index.php?rest_route=%2Fwp%2Fv2%2Fcomments&post=53571"}],"version-history":[{"count":1,"href":"https:\/\/www.egemtv.com\/index.php?rest_route=\/wp\/v2\/posts\/53571\/revisions"}],"predecessor-version":[{"id":53573,"href":"https:\/\/www.egemtv.com\/index.php?rest_route=\/wp\/v2\/posts\/53571\/revisions\/53573"}],"wp:featuredmedia":[{"embeddable":true,"href":"https:\/\/www.egemtv.com\/index.php?rest_route=\/wp\/v2\/media\/53572"}],"wp:attachment":[{"href":"https:\/\/www.egemtv.com\/index.php?rest_route=%2Fwp%2Fv2%2Fmedia&parent=53571"}],"wp:term":[{"taxonomy":"category","embeddable":true,"href":"https:\/\/www.egemtv.com\/index.php?rest_route=%2Fwp%2Fv2%2Fcategories&post=53571"},{"taxonomy":"post_tag","embeddable":true,"href":"https:\/\/www.egemtv.com\/index.php?rest_route=%2Fwp%2Fv2%2Ftags&post=53571"}],"curies":[{"name":"wp","href":"https:\/\/api.w.org\/{rel}","templated":true}]}}