{"id":53568,"date":"2025-09-08T18:54:51","date_gmt":"2025-09-08T15:54:51","guid":{"rendered":"https:\/\/www.egemtv.com\/?p=53568"},"modified":"2025-09-08T18:54:51","modified_gmt":"2025-09-08T15:54:51","slug":"gorev-basindayken-otomobilin-carptigi-guvenlik-gorevlisi-hayatini-kaybetti","status":"publish","type":"post","link":"https:\/\/www.egemtv.com\/?p=53568","title":{"rendered":"G\u00f6rev ba\u015f\u0131ndayken otomobilin \u00e7arpt\u0131\u011f\u0131 g\u00fcvenlik g\u00f6revlisi hayat\u0131n\u0131 kaybetti"},"content":{"rendered":"<p>Isparta\u2019da, 19 ya\u015f\u0131ndaki s\u00fcr\u00fcc\u00fcn\u00fcn direksiyon hakimiyetini kaybetmesi sonucu arac\u0131yla \u00e7arpt\u0131\u011f\u0131 g\u00fcvenlik g\u00f6revlisi a\u011f\u0131r yaraland\u0131. Hastanedeki t\u00fcm m\u00fcdahalelere ra\u011fmen kurtar\u0131lamayan g\u00fcvenlik g\u00f6revlisi, Karaa\u011fa\u00e7 Mahallesi Mezarl\u0131\u011f\u0131\u2019nda g\u00f6zya\u015flar\u0131 aras\u0131nda topra\u011fa verildi.<br \/>\n<br \/>Kaza, d\u00fcn saat 22.30 s\u0131ralar\u0131nda merkeze ba\u011fl\u0131 Turan Mahallesi 126\u2019nc\u0131 Cadde \u00fczerinde meydana geldi. Edinilen bilgiye g\u00f6re, 19 ya\u015f\u0131ndaki Efe Berk Y.\u2019nin kulland\u0131\u011f\u0131 ara\u00e7, s\u00fcr\u00fcc\u00fcs\u00fcn\u00fcn direksiyon hakimiyetini kaybetmesi sonucu savrularak okulun g\u00fcvenlik g\u00f6revlisi Bilal Gen\u00e7er\u2019e (32) \u00e7arpt\u0131. \u00c7arpman\u0131n etkisiyle savrulan Gen\u00e7er a\u011f\u0131r yaraland\u0131. Kazay\u0131 g\u00f6renlerin ihbar\u0131 \u00fczerine olay yerine polis ve sa\u011fl\u0131k ekipleri sevk edildi. \u0130lk m\u00fcdahalesi yap\u0131lan Gen\u00e7er, ambulansla Isparta \u015eehir Hastanesi\u2019ne kald\u0131r\u0131ld\u0131. Ancak burada yap\u0131lan t\u00fcm m\u00fcdahalelere ra\u011fmen kurtar\u0131lamayarak hayat\u0131n\u0131 kaybetti.<br \/>\n<br \/>Gen\u00e7er\u2019in cenazesi, Karaa\u011fa\u00e7 Mahallesi\u2019nde bulunan Karaa\u011fa\u00e7 Meydanl\u0131k Camii\u2019nde ikindi namaz\u0131n\u0131 m\u00fcteakip k\u0131l\u0131nan cenaze namaz\u0131n\u0131n ard\u0131ndan Karaa\u011fa\u00e7 Mahallesi Mezarl\u0131\u011f\u0131\u2019na defnedildi. Cenazeye kat\u0131lan yak\u0131nlar\u0131 g\u00f6zya\u015flar\u0131na bo\u011fuldu. Kazayla ilgili soru\u015fturman\u0131n s\u00fcrd\u00fc\u011f\u00fc \u00f6\u011frenildi.<br \/><\/p>\n","protected":false},"excerpt":{"rendered":"<p>Isparta\u2019da, 19 ya\u015f\u0131ndaki s\u00fcr\u00fcc\u00fcn\u00fcn direksiyon hakimiyetini kaybetmesi sonucu arac\u0131yla \u00e7arpt\u0131\u011f\u0131 g\u00fcvenlik g\u00f6revlisi a\u011f\u0131r yaraland\u0131. Hastanedeki t\u00fcm m\u00fcdahalelere ra\u011fmen kurtar\u0131lamayan g\u00fcvenlik g\u00f6revlisi, Karaa\u011fa\u00e7 Mahallesi Mezarl\u0131\u011f\u0131\u2019nda g\u00f6zya\u015flar\u0131 aras\u0131nda topra\u011fa verildi. Kaza, d\u00fcn saat 22.30 s\u0131ralar\u0131nda merkeze ba\u011fl\u0131 Turan Mahallesi 126\u2019nc\u0131 Cadde \u00fczerinde meydana geldi. Edinilen bilgiye g\u00f6re, 19 ya\u015f\u0131ndaki Efe Berk Y.\u2019nin kulland\u0131\u011f\u0131 ara\u00e7, s\u00fcr\u00fcc\u00fcs\u00fcn\u00fcn direksiyon hakimiyetini&#8230;<\/p>\n","protected":false},"author":1,"featured_media":53569,"comment_status":"open","ping_status":"open","sticky":false,"template":"","format":"standard","meta":{"_crdt_document":"","footnotes":""},"categories":[5],"tags":[],"class_list":["post-53568","post","type-post","status-publish","format-standard","has-post-thumbnail","hentry","category-asayis"],"_links":{"self":[{"href":"https:\/\/www.egemtv.com\/index.php?rest_route=\/wp\/v2\/posts\/53568","targetHints":{"allow":["GET"]}}],"collection":[{"href":"https:\/\/www.egemtv.com\/index.php?rest_route=\/wp\/v2\/posts"}],"about":[{"href":"https:\/\/www.egemtv.com\/index.php?rest_route=\/wp\/v2\/types\/post"}],"author":[{"embeddable":true,"href":"https:\/\/www.egemtv.com\/index.php?rest_route=\/wp\/v2\/users\/1"}],"replies":[{"embeddable":true,"href":"https:\/\/www.egemtv.com\/index.php?rest_route=%2Fwp%2Fv2%2Fcomments&post=53568"}],"version-history":[{"count":1,"href":"https:\/\/www.egemtv.com\/index.php?rest_route=\/wp\/v2\/posts\/53568\/revisions"}],"predecessor-version":[{"id":53570,"href":"https:\/\/www.egemtv.com\/index.php?rest_route=\/wp\/v2\/posts\/53568\/revisions\/53570"}],"wp:featuredmedia":[{"embeddable":true,"href":"https:\/\/www.egemtv.com\/index.php?rest_route=\/wp\/v2\/media\/53569"}],"wp:attachment":[{"href":"https:\/\/www.egemtv.com\/index.php?rest_route=%2Fwp%2Fv2%2Fmedia&parent=53568"}],"wp:term":[{"taxonomy":"category","embeddable":true,"href":"https:\/\/www.egemtv.com\/index.php?rest_route=%2Fwp%2Fv2%2Fcategories&post=53568"},{"taxonomy":"post_tag","embeddable":true,"href":"https:\/\/www.egemtv.com\/index.php?rest_route=%2Fwp%2Fv2%2Ftags&post=53568"}],"curies":[{"name":"wp","href":"https:\/\/api.w.org\/{rel}","templated":true}]}}