{"id":53565,"date":"2025-09-08T18:14:48","date_gmt":"2025-09-08T15:14:48","guid":{"rendered":"https:\/\/www.egemtv.com\/?p=53565"},"modified":"2025-09-08T18:14:49","modified_gmt":"2025-09-08T15:14:49","slug":"izmir-il-saglik-muduru-ayhan-kul-gorevine-basladi","status":"publish","type":"post","link":"https:\/\/www.egemtv.com\/?p=53565","title":{"rendered":"\u0130zmir \u0130l Sa\u011fl\u0131k M\u00fcd\u00fcr\u00fc Ayhan Kul g\u00f6revine ba\u015flad\u0131"},"content":{"rendered":"<p>\u0130zmir \u0130l Sa\u011fl\u0131k M\u00fcd\u00fcr\u00fc Burak \u00d6ztop\u2019un yerine atanan Do\u00e7. Dr. Ayhan Kul g\u00f6revine ba\u015flad\u0131.<br \/>\n<br \/>\u0130zmir \u0130l Sa\u011fl\u0131k M\u00fcd\u00fcrl\u00fc\u011f\u00fc\u2019nde ya\u015fanan g\u00f6rev de\u011fi\u015fikli\u011fiyle birlikte, \u00f6zel sekt\u00f6re ge\u00e7en Burak \u00d6ztop\u2019un yerine Do\u00e7. Dr. Ayhan Kul atand\u0131. Do\u00e7. Dr. Ayhan Kul, bug\u00fcn g\u00f6revine ba\u015flad\u0131. Makamda ger\u00e7ekle\u015ftirilen tan\u0131\u015fma toplant\u0131s\u0131na hizmet ba\u015fkan ve ba\u015fkan yard\u0131mc\u0131lar\u0131 kat\u0131ld\u0131. \u0130l Sa\u011fl\u0131k M\u00fcd\u00fcr\u00fc Do\u00e7. Dr. Ayhan Kul, &#8220;\u0130zmir gibi \u00fclkemizin en \u00f6nemli \u015fehirlerinden birinde \u0130l Sa\u011fl\u0131k M\u00fcd\u00fcr\u00fc olarak g\u00f6rev yapmak benim i\u00e7in b\u00fcy\u00fck bir onur ve sorumluluktur. Sa\u011fl\u0131k hizmetlerinin kalitesini daha da y\u00fckseltmek, vatanda\u015flar\u0131m\u0131z\u0131n sa\u011fl\u0131\u011f\u0131 i\u00e7in \u00e7al\u0131\u015fan t\u00fcm ekip arkada\u015flar\u0131m\u0131zla birlikte \u00f6zveriyle \u00e7al\u0131\u015fmak en b\u00fcy\u00fck hedefimiz olacakt\u0131r. Hep birlikte daha sa\u011fl\u0131kl\u0131 bir \u0130zmir i\u00e7in gayret g\u00f6sterece\u011fiz&#8221; dedi.<br \/>\n<br \/>Toplant\u0131n\u0131n ard\u0131ndan Kamu Hizmetleri Ba\u015fkan\u0131 Dr. Engin Ak\u00e7ar, Do\u00e7. Dr. Ayhan Kul\u2019a \u00e7i\u00e7ek takdim ederek iyi dilek ve temennide bulundu.<br \/><\/p>\n","protected":false},"excerpt":{"rendered":"<p>\u0130zmir \u0130l Sa\u011fl\u0131k M\u00fcd\u00fcr\u00fc Burak \u00d6ztop\u2019un yerine atanan Do\u00e7. Dr. Ayhan Kul g\u00f6revine ba\u015flad\u0131. \u0130zmir \u0130l Sa\u011fl\u0131k M\u00fcd\u00fcrl\u00fc\u011f\u00fc\u2019nde ya\u015fanan g\u00f6rev de\u011fi\u015fikli\u011fiyle birlikte, \u00f6zel sekt\u00f6re ge\u00e7en Burak \u00d6ztop\u2019un yerine Do\u00e7. Dr. Ayhan Kul atand\u0131. Do\u00e7. Dr. Ayhan Kul, bug\u00fcn g\u00f6revine ba\u015flad\u0131. Makamda ger\u00e7ekle\u015ftirilen tan\u0131\u015fma toplant\u0131s\u0131na hizmet ba\u015fkan ve ba\u015fkan yard\u0131mc\u0131lar\u0131 kat\u0131ld\u0131. \u0130l Sa\u011fl\u0131k M\u00fcd\u00fcr\u00fc Do\u00e7. Dr&#8230;.<\/p>\n","protected":false},"author":1,"featured_media":53566,"comment_status":"open","ping_status":"open","sticky":false,"template":"","format":"standard","meta":{"_crdt_document":"","footnotes":""},"categories":[2],"tags":[],"class_list":["post-53565","post","type-post","status-publish","format-standard","has-post-thumbnail","hentry","category-saglik"],"_links":{"self":[{"href":"https:\/\/www.egemtv.com\/index.php?rest_route=\/wp\/v2\/posts\/53565","targetHints":{"allow":["GET"]}}],"collection":[{"href":"https:\/\/www.egemtv.com\/index.php?rest_route=\/wp\/v2\/posts"}],"about":[{"href":"https:\/\/www.egemtv.com\/index.php?rest_route=\/wp\/v2\/types\/post"}],"author":[{"embeddable":true,"href":"https:\/\/www.egemtv.com\/index.php?rest_route=\/wp\/v2\/users\/1"}],"replies":[{"embeddable":true,"href":"https:\/\/www.egemtv.com\/index.php?rest_route=%2Fwp%2Fv2%2Fcomments&post=53565"}],"version-history":[{"count":1,"href":"https:\/\/www.egemtv.com\/index.php?rest_route=\/wp\/v2\/posts\/53565\/revisions"}],"predecessor-version":[{"id":53567,"href":"https:\/\/www.egemtv.com\/index.php?rest_route=\/wp\/v2\/posts\/53565\/revisions\/53567"}],"wp:featuredmedia":[{"embeddable":true,"href":"https:\/\/www.egemtv.com\/index.php?rest_route=\/wp\/v2\/media\/53566"}],"wp:attachment":[{"href":"https:\/\/www.egemtv.com\/index.php?rest_route=%2Fwp%2Fv2%2Fmedia&parent=53565"}],"wp:term":[{"taxonomy":"category","embeddable":true,"href":"https:\/\/www.egemtv.com\/index.php?rest_route=%2Fwp%2Fv2%2Fcategories&post=53565"},{"taxonomy":"post_tag","embeddable":true,"href":"https:\/\/www.egemtv.com\/index.php?rest_route=%2Fwp%2Fv2%2Ftags&post=53565"}],"curies":[{"name":"wp","href":"https:\/\/api.w.org\/{rel}","templated":true}]}}