{"id":53562,"date":"2025-09-08T18:14:47","date_gmt":"2025-09-08T15:14:47","guid":{"rendered":"https:\/\/www.egemtv.com\/?p=53562"},"modified":"2025-09-08T18:14:48","modified_gmt":"2025-09-08T15:14:48","slug":"tavsanlida-yildirim-dusmesi-sonucu-cikan-orman-yangini-havadan-mudahaleyle-kisa-surede-sonduruldu","status":"publish","type":"post","link":"https:\/\/www.egemtv.com\/?p=53562","title":{"rendered":"Tav\u015fanl\u0131\u2019da y\u0131ld\u0131r\u0131m d\u00fc\u015fmesi sonucu \u00e7\u0131kan orman yang\u0131n\u0131 havadan m\u00fcdahaleyle k\u0131sa s\u00fcrede s\u00f6nd\u00fcr\u00fcld\u00fc"},"content":{"rendered":"<p>K\u00fctahya\u2019n\u0131n Tav\u015fanl\u0131 il\u00e7esinde y\u0131ld\u0131r\u0131m d\u00fc\u015fmesi sonucu \u00e7\u0131kan yang\u0131n k\u0131sa s\u00fcrede kontrol alt\u0131na al\u0131nd\u0131.<br \/>\n<br \/>Edinilen bilgiye g\u00f6re, il\u00e7eye ba\u011fl\u0131 Ayval\u0131 k\u00f6y\u00fc g\u00f6letinin \u00fcst k\u0131s\u0131mlar\u0131ndaki b\u00f6lgede etkili olan sa\u011fanak ya\u011f\u0131\u015f s\u0131ras\u0131nda ormanl\u0131k alana y\u0131ld\u0131r\u0131m\u0131n d\u00fc\u015fmesinin ard\u0131ndan kuru otlar\u0131n ve a\u011fa\u00e7lar\u0131n tutu\u015fmas\u0131 sonucu b\u00f6lgeden alevler y\u00fckseldi.  Yang\u0131n \u00e7\u0131kan b\u00f6lgenin sarp ve kayal\u0131k olmas\u0131n\u0131n, karadan m\u00fcdahaleyi g\u00fc\u00e7le\u015ftirmesi \u00fczerine K\u00fctahya Orman B\u00f6lge M\u00fcd\u00fcrl\u00fc\u011f\u00fcnce Tav\u015fanl\u0131 Orman \u0130\u015fletme M\u00fcd\u00fcrl\u00fc\u011f\u00fc\u2019nde konu\u015flu bulunan yang\u0131n s\u00f6nd\u00fcrme helikopteri b\u00f6lgeye sevk edildi. Helikopterin, havadan etkin m\u00fcdahalesi sonucu yang\u0131n, b\u00fcy\u00fcmeden ve geni\u015f bir alana yay\u0131lmadan k\u0131sa s\u00fcrede s\u00f6nd\u00fcr\u00fcld\u00fc.<br \/>\n<br \/>Yetkililer, arazinin sarp yap\u0131s\u0131 nedeniyle helikopterli m\u00fcdahalenin yang\u0131n\u0131n s\u00f6nd\u00fcr\u00fclmesinde kritik rol oynad\u0131\u011f\u0131n\u0131 belirtti. So\u011futma \u00e7al\u0131\u015fmalar\u0131n\u0131n da tamamlanmas\u0131n\u0131n ard\u0131ndan b\u00f6lgede hasar tespit \u00e7al\u0131\u015fmalar\u0131na ba\u015fland\u0131\u011f\u0131 \u00f6\u011frenildi.<br \/><\/p>\n","protected":false},"excerpt":{"rendered":"<p>K\u00fctahya\u2019n\u0131n Tav\u015fanl\u0131 il\u00e7esinde y\u0131ld\u0131r\u0131m d\u00fc\u015fmesi sonucu \u00e7\u0131kan yang\u0131n k\u0131sa s\u00fcrede kontrol alt\u0131na al\u0131nd\u0131. Edinilen bilgiye g\u00f6re, il\u00e7eye ba\u011fl\u0131 Ayval\u0131 k\u00f6y\u00fc g\u00f6letinin \u00fcst k\u0131s\u0131mlar\u0131ndaki b\u00f6lgede etkili olan sa\u011fanak ya\u011f\u0131\u015f s\u0131ras\u0131nda ormanl\u0131k alana y\u0131ld\u0131r\u0131m\u0131n d\u00fc\u015fmesinin ard\u0131ndan kuru otlar\u0131n ve a\u011fa\u00e7lar\u0131n tutu\u015fmas\u0131 sonucu b\u00f6lgeden alevler y\u00fckseldi. Yang\u0131n \u00e7\u0131kan b\u00f6lgenin sarp ve kayal\u0131k olmas\u0131n\u0131n, karadan m\u00fcdahaleyi g\u00fc\u00e7le\u015ftirmesi \u00fczerine K\u00fctahya&#8230;<\/p>\n","protected":false},"author":1,"featured_media":53563,"comment_status":"open","ping_status":"open","sticky":false,"template":"","format":"standard","meta":{"_crdt_document":"","footnotes":""},"categories":[5],"tags":[],"class_list":["post-53562","post","type-post","status-publish","format-standard","has-post-thumbnail","hentry","category-asayis"],"_links":{"self":[{"href":"https:\/\/www.egemtv.com\/index.php?rest_route=\/wp\/v2\/posts\/53562","targetHints":{"allow":["GET"]}}],"collection":[{"href":"https:\/\/www.egemtv.com\/index.php?rest_route=\/wp\/v2\/posts"}],"about":[{"href":"https:\/\/www.egemtv.com\/index.php?rest_route=\/wp\/v2\/types\/post"}],"author":[{"embeddable":true,"href":"https:\/\/www.egemtv.com\/index.php?rest_route=\/wp\/v2\/users\/1"}],"replies":[{"embeddable":true,"href":"https:\/\/www.egemtv.com\/index.php?rest_route=%2Fwp%2Fv2%2Fcomments&post=53562"}],"version-history":[{"count":1,"href":"https:\/\/www.egemtv.com\/index.php?rest_route=\/wp\/v2\/posts\/53562\/revisions"}],"predecessor-version":[{"id":53564,"href":"https:\/\/www.egemtv.com\/index.php?rest_route=\/wp\/v2\/posts\/53562\/revisions\/53564"}],"wp:featuredmedia":[{"embeddable":true,"href":"https:\/\/www.egemtv.com\/index.php?rest_route=\/wp\/v2\/media\/53563"}],"wp:attachment":[{"href":"https:\/\/www.egemtv.com\/index.php?rest_route=%2Fwp%2Fv2%2Fmedia&parent=53562"}],"wp:term":[{"taxonomy":"category","embeddable":true,"href":"https:\/\/www.egemtv.com\/index.php?rest_route=%2Fwp%2Fv2%2Fcategories&post=53562"},{"taxonomy":"post_tag","embeddable":true,"href":"https:\/\/www.egemtv.com\/index.php?rest_route=%2Fwp%2Fv2%2Ftags&post=53562"}],"curies":[{"name":"wp","href":"https:\/\/api.w.org\/{rel}","templated":true}]}}