{"id":53559,"date":"2025-09-08T18:14:46","date_gmt":"2025-09-08T15:14:46","guid":{"rendered":"https:\/\/www.egemtv.com\/?p=53559"},"modified":"2025-09-08T18:14:47","modified_gmt":"2025-09-08T15:14:47","slug":"ormanci-turkusunun-yakildigi-geveneste-bu-defa-ari-kovanlari-yandi","status":"publish","type":"post","link":"https:\/\/www.egemtv.com\/?p=53559","title":{"rendered":"Ormanc\u0131 T\u00fcrk\u00fcs\u00fc\u2019n\u00fcn yak\u0131ld\u0131\u011f\u0131 Gevenes\u2019te bu defa ar\u0131 kovanlar\u0131 yand\u0131"},"content":{"rendered":"<p>Mu\u011fla\u2019n\u0131n Mente\u015fe il\u00e7esi Gevenes Mahallesinde ak\u015fam saatlerinde \u00e7\u0131kan yang\u0131n\u0131nda ar\u0131 kovanlar\u0131 yand\u0131.<br \/>\n<br \/>Ormanc\u0131 t\u00fcrk\u00fcs\u00fcn\u00fcn yak\u0131ld\u0131\u011f\u0131 Gevenes Mahallesinde enerji nakil hatt\u0131 kaynakl\u0131 oldu\u011fu ileri s\u00fcr\u00fclen yang\u0131nda alevler b\u00f6lgede bulunan ar\u0131 kovanlar\u0131na s\u0131\u00e7rad\u0131. 112 Acil \u00c7a\u011fr\u0131 Merkezine yap\u0131lan ihbar sonras\u0131 b\u00f6lgeye Mu\u011fla Orman B\u00f6lge M\u00fcd\u00fcrl\u00fc\u011f\u00fc araz\u00f6z ekipleri sevk edildi.<br \/>\n<br \/>Araz\u00f6z ekipleri yang\u0131na m\u00fcdahale ederken, yang\u0131nda b\u00f6lgede bulunan ar\u0131 kovanlar\u0131ndan baz\u0131lar\u0131 yanarak kullan\u0131lmaz hale geldi. Yanan sahada so\u011futma \u00e7al\u0131\u015fmas\u0131 yap\u0131ld\u0131.<br \/><\/p>\n","protected":false},"excerpt":{"rendered":"<p>Mu\u011fla\u2019n\u0131n Mente\u015fe il\u00e7esi Gevenes Mahallesinde ak\u015fam saatlerinde \u00e7\u0131kan yang\u0131n\u0131nda ar\u0131 kovanlar\u0131 yand\u0131. Ormanc\u0131 t\u00fcrk\u00fcs\u00fcn\u00fcn yak\u0131ld\u0131\u011f\u0131 Gevenes Mahallesinde enerji nakil hatt\u0131 kaynakl\u0131 oldu\u011fu ileri s\u00fcr\u00fclen yang\u0131nda alevler b\u00f6lgede bulunan ar\u0131 kovanlar\u0131na s\u0131\u00e7rad\u0131. 112 Acil \u00c7a\u011fr\u0131 Merkezine yap\u0131lan ihbar sonras\u0131 b\u00f6lgeye Mu\u011fla Orman B\u00f6lge M\u00fcd\u00fcrl\u00fc\u011f\u00fc araz\u00f6z ekipleri sevk edildi. Araz\u00f6z ekipleri yang\u0131na m\u00fcdahale ederken, yang\u0131nda b\u00f6lgede bulunan&#8230;<\/p>\n","protected":false},"author":1,"featured_media":53560,"comment_status":"open","ping_status":"open","sticky":false,"template":"","format":"standard","meta":{"_crdt_document":"","footnotes":""},"categories":[5],"tags":[],"class_list":["post-53559","post","type-post","status-publish","format-standard","has-post-thumbnail","hentry","category-asayis"],"_links":{"self":[{"href":"https:\/\/www.egemtv.com\/index.php?rest_route=\/wp\/v2\/posts\/53559","targetHints":{"allow":["GET"]}}],"collection":[{"href":"https:\/\/www.egemtv.com\/index.php?rest_route=\/wp\/v2\/posts"}],"about":[{"href":"https:\/\/www.egemtv.com\/index.php?rest_route=\/wp\/v2\/types\/post"}],"author":[{"embeddable":true,"href":"https:\/\/www.egemtv.com\/index.php?rest_route=\/wp\/v2\/users\/1"}],"replies":[{"embeddable":true,"href":"https:\/\/www.egemtv.com\/index.php?rest_route=%2Fwp%2Fv2%2Fcomments&post=53559"}],"version-history":[{"count":1,"href":"https:\/\/www.egemtv.com\/index.php?rest_route=\/wp\/v2\/posts\/53559\/revisions"}],"predecessor-version":[{"id":53561,"href":"https:\/\/www.egemtv.com\/index.php?rest_route=\/wp\/v2\/posts\/53559\/revisions\/53561"}],"wp:featuredmedia":[{"embeddable":true,"href":"https:\/\/www.egemtv.com\/index.php?rest_route=\/wp\/v2\/media\/53560"}],"wp:attachment":[{"href":"https:\/\/www.egemtv.com\/index.php?rest_route=%2Fwp%2Fv2%2Fmedia&parent=53559"}],"wp:term":[{"taxonomy":"category","embeddable":true,"href":"https:\/\/www.egemtv.com\/index.php?rest_route=%2Fwp%2Fv2%2Fcategories&post=53559"},{"taxonomy":"post_tag","embeddable":true,"href":"https:\/\/www.egemtv.com\/index.php?rest_route=%2Fwp%2Fv2%2Ftags&post=53559"}],"curies":[{"name":"wp","href":"https:\/\/api.w.org\/{rel}","templated":true}]}}