{"id":53556,"date":"2025-09-08T17:54:39","date_gmt":"2025-09-08T14:54:39","guid":{"rendered":"https:\/\/www.egemtv.com\/?p=53556"},"modified":"2025-09-08T17:54:40","modified_gmt":"2025-09-08T14:54:40","slug":"burdurda-kuzenini-olduren-sanik-ile-esinin-tutukluguna-devam-etmesi-kararlastirildi","status":"publish","type":"post","link":"https:\/\/www.egemtv.com\/?p=53556","title":{"rendered":"Burdur\u2019da kuzenini \u00f6ld\u00fcren san\u0131k ile e\u015finin tutuklu\u011funa devam etmesi kararla\u015ft\u0131r\u0131ld\u0131"},"content":{"rendered":"<p>Burdur\u2019da halas\u0131n\u0131n o\u011flu taraf\u0131ndan \u00f6ld\u00fcr\u00fclen Beytullah Soylu cinayetinin ikinci davas\u0131nda san\u0131klar\u0131n tutuklu\u011funun devam\u0131na karar verilirken duru\u015fma ileri bir tarihe ertelendi. Davan\u0131n ard\u0131ndan 24 ya\u015f\u0131nda hayat\u0131n\u0131 kaybeden gencin annesi Sevim Soylu, &#8220;Ben \u00f6lm\u00fc\u015f \u00e7ocu\u011fumun arkas\u0131nday\u0131m, konu\u015famad\u0131\u011f\u0131 sesiyim&#8221; dedi.<br \/>\n<br \/>Olay, 22 Eyl\u00fcl 2024 tarihinde saat 20.00 s\u0131ralar\u0131nda Bucak il\u00e7esi Yunus Emre Mahallesi Y\u0131ld\u0131r\u0131m Caddesi ile 811 Sokak kesi\u015fiminde ya\u015fand\u0131. Edinilen bilgiye g\u00f6re, aralar\u0131nda daha \u00f6nceden husumet bulunan halas\u0131n\u0131n o\u011flu Beytullah Soylu\u2019nun (24) kulland\u0131\u011f\u0131 ve Durmu\u015f S., \u00d6zcan S. (20) ile Bekir \u00d6.\u2019n\u00fcn (18) yolcu olarak bulundu\u011fu 15 ACV 879 plakal\u0131 otomobilin \u00f6n\u00fc, Onur A. (24) taraf\u0131ndan 07 AFZ 189 plakal\u0131 otomobil ile kesildi. Ara\u00e7 i\u00e7erisinde oturdu\u011fu yerden Beytullah Soylu\u2019nun arac\u0131na do\u011fru t\u00fcfekle 2 el ate\u015f eden Onur A., olay yerinden uzakla\u015ft\u0131. A\u00e7\u0131lan ate\u015f sonucu g\u00f6\u011fs\u00fcnden vurulan Beytullah, bilincini kaybetti. Yoku\u015f a\u015fa\u011f\u0131 kayan otomobil, park halindeki ba\u015fka bir araca \u00e7arparak durabildi. Ara\u00e7taki Bekir \u00d6. ve \u00d6zcan S. ise v\u00fccutlar\u0131n\u0131n \u00e7e\u015fitli yerlerine isabet eden sa\u00e7malarla yaraland\u0131. \u0130hbar \u00fczerine olay yerine gelen sa\u011fl\u0131k ekiplerinin ilk m\u00fcdahalesinin ard\u0131ndan yaral\u0131lar Bucak Devlet Hastanesi\u2019ne kald\u0131r\u0131ld\u0131. Durumu a\u011f\u0131r olan Beytullah Soylu, burada yap\u0131lan t\u00fcm m\u00fcdahalelere ra\u011fmen kurtar\u0131lamad\u0131.<\/p>\n<p>Olay yerinden ka\u00e7t\u0131, sakland\u0131\u011f\u0131 evde yakaland\u0131<br \/>\n<br \/>Cinayetin ard\u0131ndan ka\u00e7an Onur A., polis ekiplerince yap\u0131lan \u00e7al\u0131\u015fmalar sonucunda su\u00e7 aleti t\u00fcfek ile birlikte bir evde saklan\u0131rken yakaland\u0131. Olayla ilgili y\u00fcr\u00fct\u00fclen soru\u015fturmada, su\u00e7 delillerini gizledi\u011fi ve Onur A.\u2019n\u0131n saklanmas\u0131na yard\u0131m etti\u011fi iddia edilen babas\u0131 Ya\u015far A. (48), e\u015fi \u015eerife A. (21), arkada\u015flar\u0131 Beytullah T. (34) ve Erkan A. (32) g\u00f6zalt\u0131na al\u0131nd\u0131. Emniyetteki i\u015flemlerinin ard\u0131ndan Bucak Cumhuriyet Ba\u015fsavc\u0131l\u0131\u011f\u0131 taraf\u0131ndan tutuklanma istemiyle mahkemeye sevk edilen \u015fah\u0131slardan Onur A. ve e\u015fi \u015eerife A., Sulh Ceza Hakimli\u011fi\u2019nce tutuklan\u0131rken; arkada\u015flar\u0131 Beytullah T. ve Erkan A. ev hapsi cezas\u0131 verildi. Babas\u0131 Ya\u015far A. ise serbest b\u0131rak\u0131ld\u0131.<\/p>\n<p>San\u0131klar ikinci kez hakim kar\u015f\u0131s\u0131nda<br \/>\n<br \/>Haz\u0131rlanan iddianamede, tutuklu san\u0131klar Onur A. ve e\u015fi \u015eerife A. hakk\u0131nda Beytullah Soylu\u2019ya y\u00f6nelik eylemlerinden &#8220;kasten \u00f6ld\u00fcrme su\u00e7undan m\u00fcebbet hapis cezas\u0131&#8221;, Bekir \u00d6. ve \u00d6zcan S.\u2019ye y\u00f6nelik eylemlerinden dolay\u0131 da ayr\u0131 ayr\u0131 &#8220;olas\u0131 kas\u0131tla silahla yaralama&#8221; su\u00e7undan 1,5 y\u0131ldan 4,5 y\u0131la kadar hapis cezas\u0131 talep edildi. Tutuksuz yarg\u0131lanan san\u0131klar Erkan A. ve Beytullah T. hakk\u0131nda ise &#8220;su\u00e7luyu kay\u0131rma&#8221; su\u00e7undan 6 aydan 5 y\u0131la kadar hapis cezas\u0131 istemiyle dava a\u00e7\u0131ld\u0131. \u0130lk duru\u015fmada ise mahkeme heyeti tutuklu san\u0131klar Onur A. ve \u015eerife A.\u2019n\u0131n tutukluluk hallerinin devam\u0131na, ev hapsiyle yarg\u0131lanan Erkan A. ve Beytullah T.\u2019nin ise ev hapsinin kald\u0131r\u0131larak adli kontrol \u015fart\u0131yla serbest b\u0131rak\u0131lmas\u0131na karar verdi.<\/p>\n<p>San\u0131klar\u0131n tutukluluk haline devam karar\u0131<br \/>\n<br \/>Olayla ilgili a\u00e7\u0131lan davan\u0131n ikinci duru\u015fmas\u0131 Burdur 2. A\u011f\u0131r Ceza Mahkemesi\u2019nde g\u00f6r\u00fclmeye ba\u015fland\u0131. Duru\u015fmada tutuklu san\u0131k Onur A., ve e\u015fi \u015eerife A., tan\u0131klar Beytullah Soylu\u2019nun yak\u0131nlar\u0131 ile taraf avukatlar\u0131 haz\u0131r bulundu. Mahkeme heyeti taraf\u0131ndan san\u0131k ifadeleri dinlenmesinin ard\u0131ndan savc\u0131l\u0131k taraf\u0131ndan Onur A. ve \u015eerife A.\u2019n\u0131n tutukluluk hallerinin devam\u0131na, Erkan A. ve Beytullah T.\u2019nin ise adli kontrol \u015fart\u0131n\u0131n devam etmesi istendi. San\u0131k avukatlar\u0131 ise mahkeme heyetinden Onur A. ve \u015eerife A.\u2019nin tahliyesini talep ederken mahkemeye Ses ve G\u00f6r\u00fcnt\u00fc Bili\u015fim Sistemi (SEGB\u0130S) ile kat\u0131lan Onur A. tan\u0131klar\u0131n ifadelerini yalan oldu\u011funu, e\u015finin kendisine silah vermedi\u011fi ve tahliyesini talep etmedi\u011fini belirtti. SEGB\u0130S ile duru\u015fmaya kat\u0131lan \u015eerife A. ise tahliyesini talep etti. Mahkeme heyeti taraf\u0131ndan duru\u015fmaya karar verilen aran\u0131n ard\u0131ndan, Onur A. ve \u015eerife A.\u2019n\u0131n tutukluluk hallerinin devam\u0131na, Erkan A. ve Beytullah T.\u2019nin ise adli kontrol \u015fart\u0131n\u0131n devam etmesine ve dosyadaki eksikliklerin giderilmesi i\u00e7in ileri bir tarihe ertelendi.<\/p>\n<p>&#8220;\u00d6lm\u00fc\u015f \u00e7ocu\u011fumun arkas\u0131nday\u0131m&#8221;<br \/>\n<br \/>Dava sonras\u0131nda bas\u0131n mensuplar\u0131na a\u00e7\u0131klama yapan Beytullah Soylu\u2019nun annesi Sevim Soylu, &#8220;Ben \u00f6lm\u00fc\u015f \u00e7ocu\u011fumun arkas\u0131nday\u0131m. Konu\u015famad\u0131\u011f\u0131 sesiyim. Biz do\u011fruyu s\u00f6yl\u00fcyoruz. Nefesimin son damlas\u0131na kadar \u00e7ocuklar\u0131m\u0131n arkas\u0131nday\u0131m. Hakl\u0131 oldu\u011fumu bir g\u00fcn ortaya \u00e7\u0131karaca\u011f\u0131m. Bu sava\u015f\u0131 kazanaca\u011f\u0131m ve cezay\u0131 alacaklar. Biz a\u011f\u0131rla\u015ft\u0131r\u0131lm\u0131\u015f m\u00fcebbet ald\u0131rana kadar davam\u0131z\u0131n arkas\u0131nday\u0131z. Bilerek ve isteyerek \u00f6ld\u00fcrd\u00fc. \u0130kinci mahkemeye kat\u0131ld\u0131k ve hi\u00e7birinde pi\u015fmanl\u0131k yoktu. Su\u00e7lu oldu\u011funu biliyor ve tahliyesini bile talep edemedi&#8221; \u015feklinde konu\u015ftu.<br \/><\/p>\n","protected":false},"excerpt":{"rendered":"<p>Burdur\u2019da halas\u0131n\u0131n o\u011flu taraf\u0131ndan \u00f6ld\u00fcr\u00fclen Beytullah Soylu cinayetinin ikinci davas\u0131nda san\u0131klar\u0131n tutuklu\u011funun devam\u0131na karar verilirken duru\u015fma ileri bir tarihe ertelendi. Davan\u0131n ard\u0131ndan 24 ya\u015f\u0131nda hayat\u0131n\u0131 kaybeden gencin annesi Sevim Soylu, &#8220;Ben \u00f6lm\u00fc\u015f \u00e7ocu\u011fumun arkas\u0131nday\u0131m, konu\u015famad\u0131\u011f\u0131 sesiyim&#8221; dedi. Olay, 22 Eyl\u00fcl 2024 tarihinde saat 20.00 s\u0131ralar\u0131nda Bucak il\u00e7esi Yunus Emre Mahallesi Y\u0131ld\u0131r\u0131m Caddesi ile 811 Sokak&#8230;<\/p>\n","protected":false},"author":1,"featured_media":53557,"comment_status":"open","ping_status":"open","sticky":false,"template":"","format":"standard","meta":{"_crdt_document":"","footnotes":""},"categories":[5],"tags":[],"class_list":["post-53556","post","type-post","status-publish","format-standard","has-post-thumbnail","hentry","category-asayis"],"_links":{"self":[{"href":"https:\/\/www.egemtv.com\/index.php?rest_route=\/wp\/v2\/posts\/53556","targetHints":{"allow":["GET"]}}],"collection":[{"href":"https:\/\/www.egemtv.com\/index.php?rest_route=\/wp\/v2\/posts"}],"about":[{"href":"https:\/\/www.egemtv.com\/index.php?rest_route=\/wp\/v2\/types\/post"}],"author":[{"embeddable":true,"href":"https:\/\/www.egemtv.com\/index.php?rest_route=\/wp\/v2\/users\/1"}],"replies":[{"embeddable":true,"href":"https:\/\/www.egemtv.com\/index.php?rest_route=%2Fwp%2Fv2%2Fcomments&post=53556"}],"version-history":[{"count":1,"href":"https:\/\/www.egemtv.com\/index.php?rest_route=\/wp\/v2\/posts\/53556\/revisions"}],"predecessor-version":[{"id":53558,"href":"https:\/\/www.egemtv.com\/index.php?rest_route=\/wp\/v2\/posts\/53556\/revisions\/53558"}],"wp:featuredmedia":[{"embeddable":true,"href":"https:\/\/www.egemtv.com\/index.php?rest_route=\/wp\/v2\/media\/53557"}],"wp:attachment":[{"href":"https:\/\/www.egemtv.com\/index.php?rest_route=%2Fwp%2Fv2%2Fmedia&parent=53556"}],"wp:term":[{"taxonomy":"category","embeddable":true,"href":"https:\/\/www.egemtv.com\/index.php?rest_route=%2Fwp%2Fv2%2Fcategories&post=53556"},{"taxonomy":"post_tag","embeddable":true,"href":"https:\/\/www.egemtv.com\/index.php?rest_route=%2Fwp%2Fv2%2Ftags&post=53556"}],"curies":[{"name":"wp","href":"https:\/\/api.w.org\/{rel}","templated":true}]}}