{"id":53553,"date":"2025-09-08T17:34:49","date_gmt":"2025-09-08T14:34:49","guid":{"rendered":"https:\/\/www.egemtv.com\/?p=53553"},"modified":"2025-09-08T17:34:50","modified_gmt":"2025-09-08T14:34:50","slug":"selendide-2-bin-269-ogrenci-ders-basi-yapti","status":"publish","type":"post","link":"https:\/\/www.egemtv.com\/?p=53553","title":{"rendered":"Selendi\u2019de 2 bin 269 \u00f6\u011frenci ders ba\u015f\u0131 yapt\u0131"},"content":{"rendered":"<p>Manisa\u2019n\u0131n Selendi il\u00e7esinde 2025-2026 E\u011fitim \u00d6\u011fretim Y\u0131l\u0131 ilk ders ziliyle beraber ba\u015flad\u0131. \u0130l\u00e7ede yeni d\u00f6nemde 765\u2019i ta\u015f\u0131mal\u0131 olmak \u00fczere toplamda 2 bin 269 \u00f6\u011frenci ve 277 e\u011fitimci ile e\u011fitim d\u00f6nemi ba\u015flad\u0131.<br \/>\n<br \/>Ge\u00e7ti\u011fimiz hafta okul \u00f6ncesi, ilkokul 1. s\u0131n\u0131f \u00f6\u011frenciler i\u00e7in uyum haftas\u0131 geride kal\u0131rken, bug\u00fcn di\u011fer \u00f6\u011frenciler i\u00e7in ilk ders zili \u00e7ald\u0131. Selendi\u2019de yeni d\u00f6nemde 765\u2019i ta\u015f\u0131mal\u0131 olmak \u00fczere toplamda 2 bin 269 \u00f6\u011frenci ve 277 e\u011fitimci ile e\u011fitim d\u00f6nemi ba\u015flad\u0131. Okullara ko\u015fan \u00f6\u011frenciler arkada\u015flar\u0131 ile hasret giderirken ailelerde \u00f6\u011frenciler kadar heyecan ya\u015fad\u0131.<br \/>\n<br \/>\u0130lk derslerinde \u00f6\u011frencileri yaln\u0131z b\u0131rakmayan bayrak t\u00f6renine kat\u0131lan \u0130l\u00e7e Milli E\u011fitim M\u00fcd\u00fcr\u00fc Ahmet Ata\u015fman, &#8220;2025-2026 e\u011fitim-\u00f6\u011fretim y\u0131l\u0131n\u0131n t\u00fcm \u00f6\u011fretmenlerimiz, \u00f6\u011frencilerimiz ve velilerimiz i\u00e7in hay\u0131rl\u0131 olmas\u0131n\u0131 temenni ediyorum. Gelece\u011fimiz ve umudumuz olan de\u011ferli evlatlar\u0131m\u0131za sizlere ba\u015far\u0131lar diliyorum&#8221; dedi.<br \/><\/p>\n","protected":false},"excerpt":{"rendered":"<p>Manisa\u2019n\u0131n Selendi il\u00e7esinde 2025-2026 E\u011fitim \u00d6\u011fretim Y\u0131l\u0131 ilk ders ziliyle beraber ba\u015flad\u0131. \u0130l\u00e7ede yeni d\u00f6nemde 765\u2019i ta\u015f\u0131mal\u0131 olmak \u00fczere toplamda 2 bin 269 \u00f6\u011frenci ve 277 e\u011fitimci ile e\u011fitim d\u00f6nemi ba\u015flad\u0131. Ge\u00e7ti\u011fimiz hafta okul \u00f6ncesi, ilkokul 1. s\u0131n\u0131f \u00f6\u011frenciler i\u00e7in uyum haftas\u0131 geride kal\u0131rken, bug\u00fcn di\u011fer \u00f6\u011frenciler i\u00e7in ilk ders zili \u00e7ald\u0131. Selendi\u2019de yeni d\u00f6nemde&#8230;<\/p>\n","protected":false},"author":1,"featured_media":53554,"comment_status":"open","ping_status":"open","sticky":false,"template":"","format":"standard","meta":{"_crdt_document":"","footnotes":""},"categories":[1],"tags":[],"class_list":["post-53553","post","type-post","status-publish","format-standard","has-post-thumbnail","hentry","category-guncel"],"_links":{"self":[{"href":"https:\/\/www.egemtv.com\/index.php?rest_route=\/wp\/v2\/posts\/53553","targetHints":{"allow":["GET"]}}],"collection":[{"href":"https:\/\/www.egemtv.com\/index.php?rest_route=\/wp\/v2\/posts"}],"about":[{"href":"https:\/\/www.egemtv.com\/index.php?rest_route=\/wp\/v2\/types\/post"}],"author":[{"embeddable":true,"href":"https:\/\/www.egemtv.com\/index.php?rest_route=\/wp\/v2\/users\/1"}],"replies":[{"embeddable":true,"href":"https:\/\/www.egemtv.com\/index.php?rest_route=%2Fwp%2Fv2%2Fcomments&post=53553"}],"version-history":[{"count":1,"href":"https:\/\/www.egemtv.com\/index.php?rest_route=\/wp\/v2\/posts\/53553\/revisions"}],"predecessor-version":[{"id":53555,"href":"https:\/\/www.egemtv.com\/index.php?rest_route=\/wp\/v2\/posts\/53553\/revisions\/53555"}],"wp:featuredmedia":[{"embeddable":true,"href":"https:\/\/www.egemtv.com\/index.php?rest_route=\/wp\/v2\/media\/53554"}],"wp:attachment":[{"href":"https:\/\/www.egemtv.com\/index.php?rest_route=%2Fwp%2Fv2%2Fmedia&parent=53553"}],"wp:term":[{"taxonomy":"category","embeddable":true,"href":"https:\/\/www.egemtv.com\/index.php?rest_route=%2Fwp%2Fv2%2Fcategories&post=53553"},{"taxonomy":"post_tag","embeddable":true,"href":"https:\/\/www.egemtv.com\/index.php?rest_route=%2Fwp%2Fv2%2Ftags&post=53553"}],"curies":[{"name":"wp","href":"https:\/\/api.w.org\/{rel}","templated":true}]}}