{"id":53550,"date":"2025-09-08T17:34:48","date_gmt":"2025-09-08T14:34:48","guid":{"rendered":"https:\/\/www.egemtv.com\/?p=53550"},"modified":"2025-09-08T17:34:49","modified_gmt":"2025-09-08T14:34:49","slug":"catiya-cikan-sahsi-ekipler-ikna-edip-indirdi","status":"publish","type":"post","link":"https:\/\/www.egemtv.com\/?p=53550","title":{"rendered":"\u00c7at\u0131ya \u00e7\u0131kan \u015fahs\u0131 ekipler ikna edip indirdi"},"content":{"rendered":"<p>Ayd\u0131n\u2019\u0131n Efeler il\u00e7esinde iddiaya g\u00f6re ailevi sorunlar\u0131 nedeniyle in\u015faat halindeki binan\u0131n \u00e7at\u0131s\u0131na \u00e7\u0131k\u0131p kendisini a\u015fa\u011f\u0131ya sark\u0131tan \u015fahs\u0131 itfaiye ve polis ekipleri ikna edip a\u015fa\u011f\u0131ya indirdi.<br \/>\n<br \/>Olay, Hasan Efendi Mahallesi 1903 Sokak\u2019ta 6 katl\u0131 in\u015faat halindeki bir binan\u0131n \u00e7at\u0131 kat\u0131nda meydana geldi. Edinilen bilgiye g\u00f6re, M.K. isimli \u015fah\u0131s, binan\u0131n \u00e7at\u0131 kat\u0131na \u00e7\u0131karak kendini a\u015fa\u011f\u0131ya sark\u0131tt\u0131. M.K.\u2019y\u0131 g\u00f6renler durumu 112 Acil \u00c7a\u011fr\u0131 Merkezi\u2019ne bildirdi. \u0130hbar \u00fczerine b\u00f6lgeye sa\u011fl\u0131k, polis ve itfaiye ekipleri sevk edildi. K\u0131sa s\u00fcrede olay yerine gelen Ayd\u0131n B\u00fcy\u00fck\u015fehir Belediyesi \u0130tfaiye Daire Ba\u015fkanl\u0131\u011f\u0131 ve polis ekipleri \u00e7at\u0131ya \u00e7\u0131kt\u0131. Ekipler, iddiaya g\u00f6re ailevi sorunlar\u0131 oldu\u011fu \u00f6\u011frenilen \u015fahs\u0131 bir s\u00fcre konu\u015farak ikna etti. Ekipler e\u015fli\u011finde \u00e7at\u0131dan indirilen M.K. ifadesi al\u0131nmak \u00fczere polis karakoluna g\u00f6t\u00fcr\u00fcld\u00fc.<br \/>\n<br \/>Olayla ilgili inceleme s\u00fcr\u00fcyor.<br \/><\/p>\n","protected":false},"excerpt":{"rendered":"<p>Ayd\u0131n\u2019\u0131n Efeler il\u00e7esinde iddiaya g\u00f6re ailevi sorunlar\u0131 nedeniyle in\u015faat halindeki binan\u0131n \u00e7at\u0131s\u0131na \u00e7\u0131k\u0131p kendisini a\u015fa\u011f\u0131ya sark\u0131tan \u015fahs\u0131 itfaiye ve polis ekipleri ikna edip a\u015fa\u011f\u0131ya indirdi. Olay, Hasan Efendi Mahallesi 1903 Sokak\u2019ta 6 katl\u0131 in\u015faat halindeki bir binan\u0131n \u00e7at\u0131 kat\u0131nda meydana geldi. Edinilen bilgiye g\u00f6re, M.K. isimli \u015fah\u0131s, binan\u0131n \u00e7at\u0131 kat\u0131na \u00e7\u0131karak kendini a\u015fa\u011f\u0131ya sark\u0131tt\u0131. M.K.\u2019y\u0131&#8230;<\/p>\n","protected":false},"author":1,"featured_media":53551,"comment_status":"open","ping_status":"open","sticky":false,"template":"","format":"standard","meta":{"_crdt_document":"","footnotes":""},"categories":[5],"tags":[],"class_list":["post-53550","post","type-post","status-publish","format-standard","has-post-thumbnail","hentry","category-asayis"],"_links":{"self":[{"href":"https:\/\/www.egemtv.com\/index.php?rest_route=\/wp\/v2\/posts\/53550","targetHints":{"allow":["GET"]}}],"collection":[{"href":"https:\/\/www.egemtv.com\/index.php?rest_route=\/wp\/v2\/posts"}],"about":[{"href":"https:\/\/www.egemtv.com\/index.php?rest_route=\/wp\/v2\/types\/post"}],"author":[{"embeddable":true,"href":"https:\/\/www.egemtv.com\/index.php?rest_route=\/wp\/v2\/users\/1"}],"replies":[{"embeddable":true,"href":"https:\/\/www.egemtv.com\/index.php?rest_route=%2Fwp%2Fv2%2Fcomments&post=53550"}],"version-history":[{"count":1,"href":"https:\/\/www.egemtv.com\/index.php?rest_route=\/wp\/v2\/posts\/53550\/revisions"}],"predecessor-version":[{"id":53552,"href":"https:\/\/www.egemtv.com\/index.php?rest_route=\/wp\/v2\/posts\/53550\/revisions\/53552"}],"wp:featuredmedia":[{"embeddable":true,"href":"https:\/\/www.egemtv.com\/index.php?rest_route=\/wp\/v2\/media\/53551"}],"wp:attachment":[{"href":"https:\/\/www.egemtv.com\/index.php?rest_route=%2Fwp%2Fv2%2Fmedia&parent=53550"}],"wp:term":[{"taxonomy":"category","embeddable":true,"href":"https:\/\/www.egemtv.com\/index.php?rest_route=%2Fwp%2Fv2%2Fcategories&post=53550"},{"taxonomy":"post_tag","embeddable":true,"href":"https:\/\/www.egemtv.com\/index.php?rest_route=%2Fwp%2Fv2%2Ftags&post=53550"}],"curies":[{"name":"wp","href":"https:\/\/api.w.org\/{rel}","templated":true}]}}