{"id":53547,"date":"2025-09-08T17:34:48","date_gmt":"2025-09-08T14:34:48","guid":{"rendered":"https:\/\/www.egemtv.com\/?p=53547"},"modified":"2025-09-08T17:34:48","modified_gmt":"2025-09-08T14:34:48","slug":"akhisarda-patlayan-lastik-faciaya-yol-acti-1-olu-3-yarali","status":"publish","type":"post","link":"https:\/\/www.egemtv.com\/?p=53547","title":{"rendered":"Akhisar\u2019da patlayan lastik faciaya yol a\u00e7t\u0131: 1 \u00f6l\u00fc, 3 yaral\u0131"},"content":{"rendered":"<p>Manisa\u2019n\u0131n Akhisar il\u00e7esinde seyir halindeki otomobilin lasti\u011finin patlamas\u0131 sonucu zincirleme trafik kazas\u0131 meydana geldi. Kazada 1 ki\u015fi ya\u015fam\u0131n\u0131 yitirirken, 3 ki\u015fi de yaraland\u0131.<br \/>\n<br \/>Kaza, saat 13.50 s\u0131ralar\u0131nda \u0130zmir-Bal\u0131kesir Karayolu\u2019nda meydana geldi. Edinilen bilgiye g\u00f6re, Vedat K\u0131y\u00e7ak (49) y\u00f6netimindeki 33 ACD 60 plakal\u0131 otomobilin lasti\u011fi patlad\u0131. Kontrolden \u00e7\u0131kan ara\u00e7, kar\u015f\u0131 \u015feride ge\u00e7erek S\u00fcleyman Fevzi Akdo\u011fan\u2019\u0131n (55) kulland\u0131\u011f\u0131 45 NS 929 plakal\u0131 otomobile \u00e7arpt\u0131. \u00c7arp\u0131\u015fman\u0131n etkisiyle K\u0131y\u00e7ak\u2019\u0131n arac\u0131, ayn\u0131 y\u00f6nde ilerleyen Semih Cang\u00fcl\u2019\u00fcn (26) kulland\u0131\u011f\u0131 45 AEU 143 plakal\u0131 araca vurdu.<br \/>\n<br \/>Kazaya kar\u0131\u015fan 45 NS 929 plakal\u0131 otomobil ise kar\u015f\u0131 \u015feride savrularak \u015eans Emekli idaresindeki 45 FB 292 plakal\u0131 otomobile \u00e7arpt\u0131. O s\u0131rada kazay\u0131 fark eden Mustafa \u00d6zge\u00e7\u2019in (60) kulland\u0131\u011f\u0131 16 BSY 377 plakal\u0131 otomobil de bariyerlere vurarak durabildi.<\/p>\n<p>1 ki\u015fi olay yerinde hayat\u0131n\u0131 kaybetti<br \/>\n<br \/>Feci kazada, 33 ACD 60 plakal\u0131 ara\u00e7ta yolcu olarak bulunan Melek K\u0131y\u00e7ak olay yerinde ya\u015fam\u0131n\u0131 yitirdi. Ayn\u0131 ara\u00e7ta bulunan k\u0131z\u0131 B\u00fc\u015fra K\u0131y\u00e7ak ile s\u00fcr\u00fcc\u00fc Vedat K\u0131y\u00e7ak hafif yaraland\u0131. Ayr\u0131ca, 45 AEU 143 plakal\u0131 otomobil s\u00fcr\u00fcc\u00fcs\u00fc Semih Cang\u00fcl ve yolcusu Mehmet Cang\u00fcl de yaraland\u0131. Yaral\u0131lar, olay yerine sevk edilen ambulanslarla hastaneye kald\u0131r\u0131ld\u0131.<\/p>\n<p>Yolda uzun s\u00fcre trafik aksad\u0131<br \/>\n<br \/>Kazan\u0131n ard\u0131ndan b\u00f6lgeye jandarma, polis, sa\u011fl\u0131k ve itfaiye ekipleri sevk edildi. Ara\u00e7lar\u0131n \u00e7ekici yard\u0131m\u0131yla kald\u0131r\u0131lmas\u0131n\u0131n ard\u0131ndan \u0130zmir-Bal\u0131kesir Karayolu\u2019ndaki trafik ak\u0131\u015f\u0131 uzun s\u00fcre tek \u015feritten sa\u011fland\u0131.<br \/>\n<br \/>Olayla ilgili Akhisar Cumhuriyet Savc\u0131l\u0131\u011f\u0131 taraf\u0131ndan adli tahkikat ba\u015flat\u0131ld\u0131.<br \/><\/p>\n","protected":false},"excerpt":{"rendered":"<p>Manisa\u2019n\u0131n Akhisar il\u00e7esinde seyir halindeki otomobilin lasti\u011finin patlamas\u0131 sonucu zincirleme trafik kazas\u0131 meydana geldi. Kazada 1 ki\u015fi ya\u015fam\u0131n\u0131 yitirirken, 3 ki\u015fi de yaraland\u0131. Kaza, saat 13.50 s\u0131ralar\u0131nda \u0130zmir-Bal\u0131kesir Karayolu\u2019nda meydana geldi. Edinilen bilgiye g\u00f6re, Vedat K\u0131y\u00e7ak (49) y\u00f6netimindeki 33 ACD 60 plakal\u0131 otomobilin lasti\u011fi patlad\u0131. Kontrolden \u00e7\u0131kan ara\u00e7, kar\u015f\u0131 \u015feride ge\u00e7erek S\u00fcleyman Fevzi Akdo\u011fan\u2019\u0131n (55)&#8230;<\/p>\n","protected":false},"author":1,"featured_media":53548,"comment_status":"open","ping_status":"open","sticky":false,"template":"","format":"standard","meta":{"_crdt_document":"","footnotes":""},"categories":[5],"tags":[],"class_list":["post-53547","post","type-post","status-publish","format-standard","has-post-thumbnail","hentry","category-asayis"],"_links":{"self":[{"href":"https:\/\/www.egemtv.com\/index.php?rest_route=\/wp\/v2\/posts\/53547","targetHints":{"allow":["GET"]}}],"collection":[{"href":"https:\/\/www.egemtv.com\/index.php?rest_route=\/wp\/v2\/posts"}],"about":[{"href":"https:\/\/www.egemtv.com\/index.php?rest_route=\/wp\/v2\/types\/post"}],"author":[{"embeddable":true,"href":"https:\/\/www.egemtv.com\/index.php?rest_route=\/wp\/v2\/users\/1"}],"replies":[{"embeddable":true,"href":"https:\/\/www.egemtv.com\/index.php?rest_route=%2Fwp%2Fv2%2Fcomments&post=53547"}],"version-history":[{"count":1,"href":"https:\/\/www.egemtv.com\/index.php?rest_route=\/wp\/v2\/posts\/53547\/revisions"}],"predecessor-version":[{"id":53549,"href":"https:\/\/www.egemtv.com\/index.php?rest_route=\/wp\/v2\/posts\/53547\/revisions\/53549"}],"wp:featuredmedia":[{"embeddable":true,"href":"https:\/\/www.egemtv.com\/index.php?rest_route=\/wp\/v2\/media\/53548"}],"wp:attachment":[{"href":"https:\/\/www.egemtv.com\/index.php?rest_route=%2Fwp%2Fv2%2Fmedia&parent=53547"}],"wp:term":[{"taxonomy":"category","embeddable":true,"href":"https:\/\/www.egemtv.com\/index.php?rest_route=%2Fwp%2Fv2%2Fcategories&post=53547"},{"taxonomy":"post_tag","embeddable":true,"href":"https:\/\/www.egemtv.com\/index.php?rest_route=%2Fwp%2Fv2%2Ftags&post=53547"}],"curies":[{"name":"wp","href":"https:\/\/api.w.org\/{rel}","templated":true}]}}