{"id":53544,"date":"2025-09-08T17:34:47","date_gmt":"2025-09-08T14:34:47","guid":{"rendered":"https:\/\/www.egemtv.com\/?p=53544"},"modified":"2025-09-08T17:34:47","modified_gmt":"2025-09-08T14:34:47","slug":"kapinin-onune-koyulan-cop-ekipleri-harekete-gecirdi","status":"publish","type":"post","link":"https:\/\/www.egemtv.com\/?p=53544","title":{"rendered":"Kap\u0131n\u0131n \u00f6n\u00fcne koyulan \u00e7\u00f6p, ekipleri harekete ge\u00e7irdi"},"content":{"rendered":"<p>Ayd\u0131n\u2019\u0131n Efeler il\u00e7esinde bir apartmanda kap\u0131n\u0131n \u00f6n\u00fcne koyulan \u00e7\u00f6p\u00fcn kokusunu, ceset kokusu ile kar\u0131\u015ft\u0131ran apartman sakinlerinin ihbar\u0131 ekipleri harekete ge\u00e7irdi.<\/p>\n<p>Olay, Efeler il\u00e7esi Mesudiye Mahallesi 1660 Sokak \u00fczerinde meydana geldi. Edinilen bilgiye g\u00f6re oturdu\u011fu apartmandan gelen k\u00f6t\u00fc kokuyu fark eden bir vatanda\u015f, bir ki\u015finin vefat etmi\u015f olaca\u011f\u0131n\u0131 d\u00fc\u015f\u00fcnerek durumu 112 Acil \u00c7a\u011fr\u0131 Merkezi\u2019ne bildirdi. \u0130hbar \u00fczerine b\u00f6lgeye polis, itfaiye ve sa\u011fl\u0131k ekipleri sevk edildi. K\u0131sa s\u00fcrede olay yerine gelen ekipler, kokunun kayna\u011f\u0131n\u0131 ara\u015ft\u0131rmaya ba\u015flad\u0131. Yap\u0131lan incelemeler sonunda kokunun, apartmandaki bir evin kap\u0131s\u0131 \u00f6n\u00fcne b\u0131rak\u0131lan ve yere akan \u00e7\u00f6pten kaynakland\u0131\u011f\u0131 tespit edildi. Yap\u0131lan yanl\u0131\u015f ihbar sebebiyle ekipler harekete ge\u00e7erken, baz\u0131 mahalle sakinleri ise yap\u0131lan yanl\u0131\u015f ihbara tepki g\u00f6stererek ihbardan \u00f6nce dikkat edilmesi ve ekiplerin do\u011fru \u015fekilde y\u00f6nlendirilmesi gerekti\u011fini vurgulad\u0131.<br \/><\/p>\n","protected":false},"excerpt":{"rendered":"<p>Ayd\u0131n\u2019\u0131n Efeler il\u00e7esinde bir apartmanda kap\u0131n\u0131n \u00f6n\u00fcne koyulan \u00e7\u00f6p\u00fcn kokusunu, ceset kokusu ile kar\u0131\u015ft\u0131ran apartman sakinlerinin ihbar\u0131 ekipleri harekete ge\u00e7irdi. Olay, Efeler il\u00e7esi Mesudiye Mahallesi 1660 Sokak \u00fczerinde meydana geldi. Edinilen bilgiye g\u00f6re oturdu\u011fu apartmandan gelen k\u00f6t\u00fc kokuyu fark eden bir vatanda\u015f, bir ki\u015finin vefat etmi\u015f olaca\u011f\u0131n\u0131 d\u00fc\u015f\u00fcnerek durumu 112 Acil \u00c7a\u011fr\u0131 Merkezi\u2019ne bildirdi. \u0130hbar&#8230;<\/p>\n","protected":false},"author":1,"featured_media":53545,"comment_status":"open","ping_status":"open","sticky":false,"template":"","format":"standard","meta":{"_crdt_document":"","footnotes":""},"categories":[5],"tags":[],"class_list":["post-53544","post","type-post","status-publish","format-standard","has-post-thumbnail","hentry","category-asayis"],"_links":{"self":[{"href":"https:\/\/www.egemtv.com\/index.php?rest_route=\/wp\/v2\/posts\/53544","targetHints":{"allow":["GET"]}}],"collection":[{"href":"https:\/\/www.egemtv.com\/index.php?rest_route=\/wp\/v2\/posts"}],"about":[{"href":"https:\/\/www.egemtv.com\/index.php?rest_route=\/wp\/v2\/types\/post"}],"author":[{"embeddable":true,"href":"https:\/\/www.egemtv.com\/index.php?rest_route=\/wp\/v2\/users\/1"}],"replies":[{"embeddable":true,"href":"https:\/\/www.egemtv.com\/index.php?rest_route=%2Fwp%2Fv2%2Fcomments&post=53544"}],"version-history":[{"count":1,"href":"https:\/\/www.egemtv.com\/index.php?rest_route=\/wp\/v2\/posts\/53544\/revisions"}],"predecessor-version":[{"id":53546,"href":"https:\/\/www.egemtv.com\/index.php?rest_route=\/wp\/v2\/posts\/53544\/revisions\/53546"}],"wp:featuredmedia":[{"embeddable":true,"href":"https:\/\/www.egemtv.com\/index.php?rest_route=\/wp\/v2\/media\/53545"}],"wp:attachment":[{"href":"https:\/\/www.egemtv.com\/index.php?rest_route=%2Fwp%2Fv2%2Fmedia&parent=53544"}],"wp:term":[{"taxonomy":"category","embeddable":true,"href":"https:\/\/www.egemtv.com\/index.php?rest_route=%2Fwp%2Fv2%2Fcategories&post=53544"},{"taxonomy":"post_tag","embeddable":true,"href":"https:\/\/www.egemtv.com\/index.php?rest_route=%2Fwp%2Fv2%2Ftags&post=53544"}],"curies":[{"name":"wp","href":"https:\/\/api.w.org\/{rel}","templated":true}]}}