{"id":53541,"date":"2025-09-08T17:15:05","date_gmt":"2025-09-08T14:15:05","guid":{"rendered":"https:\/\/www.egemtv.com\/?p=53541"},"modified":"2025-09-08T17:15:06","modified_gmt":"2025-09-08T14:15:06","slug":"manisada-zehir-tacirlerine-gecit-yok-64-kok-kenevir-335-gram-esrar-ele-gecirildi","status":"publish","type":"post","link":"https:\/\/www.egemtv.com\/?p=53541","title":{"rendered":"Manisa\u2019da zehir tacirlerine ge\u00e7it yok: 64 k\u00f6k kenevir, 335 gram esrar ele ge\u00e7irildi"},"content":{"rendered":"<p>Manisa\u2019n\u0131n Salihli il\u00e7esinde jandarma ekipleri taraf\u0131ndan d\u00fczenlenen operasyonda 64 k\u00f6k kenevir ve  335 gram kubar esrar ele ge\u00e7irildi.<br \/>\n<br \/>Al\u0131nan bilgiye g\u00f6re, Salihli \u0130l\u00e7e Jandarma Komutanl\u0131\u011f\u0131na ba\u011fl\u0131 Merkez Karakol Komutanl\u0131\u011f\u0131 ve JASAT ekiplerince yap\u0131lan istihbarat \u00e7al\u0131\u015fmalar\u0131 sonucu S.E.\u2019nin(48). ikametinde kenevir bitkisi yeti\u015ftirildi\u011fi tespit edildi. Bunun \u00fczerine harekete ge\u00e7en jandarma ekipleri, ikamet ve eklentilerinde arama yapt\u0131. Yap\u0131lan aramada 64 k\u00f6k kenevir bitkisi, 335 gram kubar esrar ile 1 adet ruhsats\u0131z av t\u00fcfe\u011fi ele ge\u00e7irildi.<br \/>\n<br \/>Olayla ilgili adli tahkikat ba\u015flat\u0131ld\u0131\u011f\u0131 bildirilirken, \u015fahsa ruhsats\u0131z av t\u00fcfe\u011fi ta\u015f\u0131d\u0131\u011f\u0131 gerek\u00e7esiyle 6 bin 531 lira idari para cezas\u0131 uyguland\u0131.<br \/><\/p>\n","protected":false},"excerpt":{"rendered":"<p>Manisa\u2019n\u0131n Salihli il\u00e7esinde jandarma ekipleri taraf\u0131ndan d\u00fczenlenen operasyonda 64 k\u00f6k kenevir ve 335 gram kubar esrar ele ge\u00e7irildi. Al\u0131nan bilgiye g\u00f6re, Salihli \u0130l\u00e7e Jandarma Komutanl\u0131\u011f\u0131na ba\u011fl\u0131 Merkez Karakol Komutanl\u0131\u011f\u0131 ve JASAT ekiplerince yap\u0131lan istihbarat \u00e7al\u0131\u015fmalar\u0131 sonucu S.E.\u2019nin(48). ikametinde kenevir bitkisi yeti\u015ftirildi\u011fi tespit edildi. Bunun \u00fczerine harekete ge\u00e7en jandarma ekipleri, ikamet ve eklentilerinde arama yapt\u0131. Yap\u0131lan&#8230;<\/p>\n","protected":false},"author":1,"featured_media":53542,"comment_status":"open","ping_status":"open","sticky":false,"template":"","format":"standard","meta":{"_crdt_document":"","footnotes":""},"categories":[5],"tags":[],"class_list":["post-53541","post","type-post","status-publish","format-standard","has-post-thumbnail","hentry","category-asayis"],"_links":{"self":[{"href":"https:\/\/www.egemtv.com\/index.php?rest_route=\/wp\/v2\/posts\/53541","targetHints":{"allow":["GET"]}}],"collection":[{"href":"https:\/\/www.egemtv.com\/index.php?rest_route=\/wp\/v2\/posts"}],"about":[{"href":"https:\/\/www.egemtv.com\/index.php?rest_route=\/wp\/v2\/types\/post"}],"author":[{"embeddable":true,"href":"https:\/\/www.egemtv.com\/index.php?rest_route=\/wp\/v2\/users\/1"}],"replies":[{"embeddable":true,"href":"https:\/\/www.egemtv.com\/index.php?rest_route=%2Fwp%2Fv2%2Fcomments&post=53541"}],"version-history":[{"count":1,"href":"https:\/\/www.egemtv.com\/index.php?rest_route=\/wp\/v2\/posts\/53541\/revisions"}],"predecessor-version":[{"id":53543,"href":"https:\/\/www.egemtv.com\/index.php?rest_route=\/wp\/v2\/posts\/53541\/revisions\/53543"}],"wp:featuredmedia":[{"embeddable":true,"href":"https:\/\/www.egemtv.com\/index.php?rest_route=\/wp\/v2\/media\/53542"}],"wp:attachment":[{"href":"https:\/\/www.egemtv.com\/index.php?rest_route=%2Fwp%2Fv2%2Fmedia&parent=53541"}],"wp:term":[{"taxonomy":"category","embeddable":true,"href":"https:\/\/www.egemtv.com\/index.php?rest_route=%2Fwp%2Fv2%2Fcategories&post=53541"},{"taxonomy":"post_tag","embeddable":true,"href":"https:\/\/www.egemtv.com\/index.php?rest_route=%2Fwp%2Fv2%2Ftags&post=53541"}],"curies":[{"name":"wp","href":"https:\/\/api.w.org\/{rel}","templated":true}]}}