{"id":53538,"date":"2025-09-08T17:15:04","date_gmt":"2025-09-08T14:15:04","guid":{"rendered":"https:\/\/www.egemtv.com\/?p=53538"},"modified":"2025-09-08T17:15:05","modified_gmt":"2025-09-08T14:15:05","slug":"izmirde-is-yerine-silahli-soygun-4-tutuklama","status":"publish","type":"post","link":"https:\/\/www.egemtv.com\/?p=53538","title":{"rendered":"\u0130zmir\u2019de i\u015f yerine silahl\u0131 soygun: 4 tutuklama"},"content":{"rendered":"<p>\u0130zmir\u2019in Kar\u015f\u0131yaka il\u00e7esinde bir i\u015f yerine silahl\u0131 soygun ger\u00e7ekle\u015ftirip \u00e7anta i\u00e7indeki 1 milyon 200 bin TL ve diz\u00fcst\u00fc bilgisayar\u0131 \u00e7alan 8 \u015f\u00fcpheliden 4\u2019\u00fc tutuklanarak cezaevine g\u00f6nderildi.<br \/>\n<br \/>Kar\u015f\u0131yaka il\u00e7esinde, otomobil par\u00e7alar\u0131 satan bir i\u015f yerinde silahl\u0131 soygun meydana geldi. Plakas\u0131z bir ara\u00e7la d\u00fckkana gelen ve motosiklet kask\u0131 takt\u0131klar\u0131 belirlenen 4 \u015f\u00fcpheli, \u00e7anta i\u00e7erisindeki 1 milyon 200 bin TL ve i\u015f yerine ait bir diz\u00fcst\u00fc bilgisayar\u0131 alarak olay yerinden h\u0131zla ka\u00e7t\u0131. \u0130hbar \u00fczerine, Asayi\u015f \u015eube M\u00fcd\u00fcrl\u00fc\u011f\u00fc Gasp B\u00fcro Amirli\u011fi ve Su\u00e7 Analiz Merkezi B\u00fcro Amirli\u011fi ekipleri taraf\u0131ndan ba\u015flat\u0131lan soru\u015fturma kapsam\u0131nda, olaya kar\u0131\u015fan ve \u015f\u00fcphelilere yard\u0131m ettikleri tespit edilen toplam 8 ki\u015fi belirlendi. Olay g\u00fczergah\u0131nda yap\u0131lan aramalarda 3 tabanca, bir pompal\u0131 t\u00fcfek, bir miktar para ve 4 motosiklet kask\u0131 ele ge\u00e7irildi. Soygun yapt\u0131klar\u0131 belirlenen Y.A. (33), U.S. (35), F.T. (29) ve M.B. (41) ile bu ki\u015filere yard\u0131m ettikleri tespit edilen E.Y. (26), \u00d6.G. (33), K.\u00d6. (23) ve S.E. (30) g\u00f6zalt\u0131na al\u0131nd\u0131.<br \/>\n<br \/>Emniyetteki i\u015flemlerinin ard\u0131ndan adliyeye sevk edilen \u015f\u00fcphelilerden E.Y., \u00d6.G., K.\u00d6. ve S.E., adli kontrol \u015fart\u0131yla serbest b\u0131rak\u0131l\u0131rken Y.A., U.S., F.T. ve M.B. ise \u00e7\u0131kar\u0131ld\u0131klar\u0131 mahkemece tutuklanarak cezaevine g\u00f6nderildi.<br \/>\n<br \/>\u00d6te yandan soygun an\u0131na ait g\u00f6r\u00fcnt\u00fcler i\u015f yerini g\u00fcvelik kameralar\u0131na yans\u0131d\u0131. G\u00f6r\u00fcnt\u00fclerde, soyguncular\u0131n beyaz bir ara\u00e7lar i\u015f yerine geldi\u011fi kafalar\u0131nda kask ve ellerinde silah oldu\u011fu anlar yer ald\u0131.<br \/><\/p>\n","protected":false},"excerpt":{"rendered":"<p>\u0130zmir\u2019in Kar\u015f\u0131yaka il\u00e7esinde bir i\u015f yerine silahl\u0131 soygun ger\u00e7ekle\u015ftirip \u00e7anta i\u00e7indeki 1 milyon 200 bin TL ve diz\u00fcst\u00fc bilgisayar\u0131 \u00e7alan 8 \u015f\u00fcpheliden 4\u2019\u00fc tutuklanarak cezaevine g\u00f6nderildi. Kar\u015f\u0131yaka il\u00e7esinde, otomobil par\u00e7alar\u0131 satan bir i\u015f yerinde silahl\u0131 soygun meydana geldi. Plakas\u0131z bir ara\u00e7la d\u00fckkana gelen ve motosiklet kask\u0131 takt\u0131klar\u0131 belirlenen 4 \u015f\u00fcpheli, \u00e7anta i\u00e7erisindeki 1 milyon 200&#8230;<\/p>\n","protected":false},"author":1,"featured_media":53539,"comment_status":"open","ping_status":"open","sticky":false,"template":"","format":"standard","meta":{"_crdt_document":"","footnotes":""},"categories":[5],"tags":[],"class_list":["post-53538","post","type-post","status-publish","format-standard","has-post-thumbnail","hentry","category-asayis"],"_links":{"self":[{"href":"https:\/\/www.egemtv.com\/index.php?rest_route=\/wp\/v2\/posts\/53538","targetHints":{"allow":["GET"]}}],"collection":[{"href":"https:\/\/www.egemtv.com\/index.php?rest_route=\/wp\/v2\/posts"}],"about":[{"href":"https:\/\/www.egemtv.com\/index.php?rest_route=\/wp\/v2\/types\/post"}],"author":[{"embeddable":true,"href":"https:\/\/www.egemtv.com\/index.php?rest_route=\/wp\/v2\/users\/1"}],"replies":[{"embeddable":true,"href":"https:\/\/www.egemtv.com\/index.php?rest_route=%2Fwp%2Fv2%2Fcomments&post=53538"}],"version-history":[{"count":1,"href":"https:\/\/www.egemtv.com\/index.php?rest_route=\/wp\/v2\/posts\/53538\/revisions"}],"predecessor-version":[{"id":53540,"href":"https:\/\/www.egemtv.com\/index.php?rest_route=\/wp\/v2\/posts\/53538\/revisions\/53540"}],"wp:featuredmedia":[{"embeddable":true,"href":"https:\/\/www.egemtv.com\/index.php?rest_route=\/wp\/v2\/media\/53539"}],"wp:attachment":[{"href":"https:\/\/www.egemtv.com\/index.php?rest_route=%2Fwp%2Fv2%2Fmedia&parent=53538"}],"wp:term":[{"taxonomy":"category","embeddable":true,"href":"https:\/\/www.egemtv.com\/index.php?rest_route=%2Fwp%2Fv2%2Fcategories&post=53538"},{"taxonomy":"post_tag","embeddable":true,"href":"https:\/\/www.egemtv.com\/index.php?rest_route=%2Fwp%2Fv2%2Ftags&post=53538"}],"curies":[{"name":"wp","href":"https:\/\/api.w.org\/{rel}","templated":true}]}}