{"id":53535,"date":"2025-09-08T17:15:02","date_gmt":"2025-09-08T14:15:02","guid":{"rendered":"https:\/\/www.egemtv.com\/?p=53535"},"modified":"2025-09-08T17:15:04","modified_gmt":"2025-09-08T14:15:04","slug":"motosiklet-is-yerine-girdi-kask-hayat-kurtardi","status":"publish","type":"post","link":"https:\/\/www.egemtv.com\/?p=53535","title":{"rendered":"Motosiklet i\u015f yerine girdi, kask hayat kurtard\u0131"},"content":{"rendered":"<p>Manisa\u2019n\u0131n Kula il\u00e7esinde meydana gelen kazada, direksiyon hakimiyetini kaybeden motosiklet s\u00fcr\u00fcc\u00fcs\u00fc, Y\u00fcz\u00fcnc\u00fc Y\u0131l \u0130\u015fhan\u0131\u2019nda bulunan bir i\u015f yerine dald\u0131. Kazada camlar tuzla buz olurken, s\u00fcr\u00fcc\u00fc hafif yaralarla kazay\u0131 atlatt\u0131. Kask\u0131 sayesinde a\u011f\u0131r yaralanmaktan kurtulan s\u00fcr\u00fcc\u00fcn\u00fcn sa\u011fl\u0131k durumunun iyi oldu\u011fu \u00f6\u011frenildi.<br \/>\n<br \/>Edinilen bilgiye g\u00f6re kaza, Kula il\u00e7e merkezinde Y\u00fcz\u00fcnc\u00fc Y\u0131l \u0130\u015fhan\u0131 \u00f6n\u00fcnde meydana geldi. Hen\u00fcz ismi \u00f6\u011frenilemeyen motosiklet s\u00fcr\u00fcc\u00fcs\u00fc, seyir halindeyken direksiyon hakimiyetini kaybetti. Kontrolden \u00e7\u0131kan motosiklet, h\u0131zla yol kenar\u0131nda bulunan i\u015f yerinin cam\u0131na \u00e7arparak i\u00e7eri girdi. \u00c7arpman\u0131n etkisiyle i\u015f yerinin camlar\u0131 k\u0131r\u0131ld\u0131, i\u00e7eride hasar olu\u015ftu. Kazay\u0131 hafif s\u0131yr\u0131klarla atlatan s\u00fcr\u00fcc\u00fc, olay yerine \u00e7a\u011fr\u0131lan sa\u011fl\u0131k ekiplerince ilk m\u00fcdahalesi yap\u0131ld\u0131ktan sonra ambulansla hastaneye kald\u0131r\u0131ld\u0131. Doktorlar, s\u00fcr\u00fcc\u00fcn\u00fcn kask takmas\u0131n\u0131n olas\u0131 bir kafa travmas\u0131n\u0131 \u00f6nledi\u011fini belirtti. Meydana gelen kaza, i\u015f yerinin g\u00fcvenlik kameras\u0131na saniye saniye yans\u0131d\u0131. G\u00f6r\u00fcnt\u00fclerde motosikletin kontrolden \u00e7\u0131karak h\u0131zla camdan i\u00e7eri girdi\u011fi, \u00e7evredekilerin ise b\u00fcy\u00fck panik ya\u015fad\u0131\u011f\u0131 g\u00f6r\u00fcld\u00fc.<br \/>\n<br \/>Olay\u0131n ard\u0131ndan polis ekipleri b\u00f6lgede g\u00fcvenlik \u00f6nlemi alarak inceleme ba\u015flatt\u0131. \u0130\u015f yerinde maddi hasar meydana gelirken, s\u00fcr\u00fcc\u00fcn\u00fcn sa\u011fl\u0131k durumunun iyi oldu\u011fu bildirildi.<br \/><\/p>\n","protected":false},"excerpt":{"rendered":"<p>Manisa\u2019n\u0131n Kula il\u00e7esinde meydana gelen kazada, direksiyon hakimiyetini kaybeden motosiklet s\u00fcr\u00fcc\u00fcs\u00fc, Y\u00fcz\u00fcnc\u00fc Y\u0131l \u0130\u015fhan\u0131\u2019nda bulunan bir i\u015f yerine dald\u0131. Kazada camlar tuzla buz olurken, s\u00fcr\u00fcc\u00fc hafif yaralarla kazay\u0131 atlatt\u0131. Kask\u0131 sayesinde a\u011f\u0131r yaralanmaktan kurtulan s\u00fcr\u00fcc\u00fcn\u00fcn sa\u011fl\u0131k durumunun iyi oldu\u011fu \u00f6\u011frenildi. Edinilen bilgiye g\u00f6re kaza, Kula il\u00e7e merkezinde Y\u00fcz\u00fcnc\u00fc Y\u0131l \u0130\u015fhan\u0131 \u00f6n\u00fcnde meydana geldi. Hen\u00fcz ismi&#8230;<\/p>\n","protected":false},"author":1,"featured_media":53536,"comment_status":"open","ping_status":"open","sticky":false,"template":"","format":"standard","meta":{"_crdt_document":"","footnotes":""},"categories":[5],"tags":[],"class_list":["post-53535","post","type-post","status-publish","format-standard","has-post-thumbnail","hentry","category-asayis"],"_links":{"self":[{"href":"https:\/\/www.egemtv.com\/index.php?rest_route=\/wp\/v2\/posts\/53535","targetHints":{"allow":["GET"]}}],"collection":[{"href":"https:\/\/www.egemtv.com\/index.php?rest_route=\/wp\/v2\/posts"}],"about":[{"href":"https:\/\/www.egemtv.com\/index.php?rest_route=\/wp\/v2\/types\/post"}],"author":[{"embeddable":true,"href":"https:\/\/www.egemtv.com\/index.php?rest_route=\/wp\/v2\/users\/1"}],"replies":[{"embeddable":true,"href":"https:\/\/www.egemtv.com\/index.php?rest_route=%2Fwp%2Fv2%2Fcomments&post=53535"}],"version-history":[{"count":1,"href":"https:\/\/www.egemtv.com\/index.php?rest_route=\/wp\/v2\/posts\/53535\/revisions"}],"predecessor-version":[{"id":53537,"href":"https:\/\/www.egemtv.com\/index.php?rest_route=\/wp\/v2\/posts\/53535\/revisions\/53537"}],"wp:featuredmedia":[{"embeddable":true,"href":"https:\/\/www.egemtv.com\/index.php?rest_route=\/wp\/v2\/media\/53536"}],"wp:attachment":[{"href":"https:\/\/www.egemtv.com\/index.php?rest_route=%2Fwp%2Fv2%2Fmedia&parent=53535"}],"wp:term":[{"taxonomy":"category","embeddable":true,"href":"https:\/\/www.egemtv.com\/index.php?rest_route=%2Fwp%2Fv2%2Fcategories&post=53535"},{"taxonomy":"post_tag","embeddable":true,"href":"https:\/\/www.egemtv.com\/index.php?rest_route=%2Fwp%2Fv2%2Ftags&post=53535"}],"curies":[{"name":"wp","href":"https:\/\/api.w.org\/{rel}","templated":true}]}}