{"id":53532,"date":"2025-09-08T17:15:01","date_gmt":"2025-09-08T14:15:01","guid":{"rendered":"https:\/\/www.egemtv.com\/?p=53532"},"modified":"2025-09-08T17:15:01","modified_gmt":"2025-09-08T14:15:01","slug":"dort-eylul-ilkokulunda-egitim-yili-yesil-vatan-temasiyla-acildi","status":"publish","type":"post","link":"https:\/\/www.egemtv.com\/?p=53532","title":{"rendered":"D\u00f6rt Eyl\u00fcl \u0130lkokulu\u2019nda e\u011fitim y\u0131l\u0131 Ye\u015fil Vatan temas\u0131yla a\u00e7\u0131ld\u0131"},"content":{"rendered":"<p>2025-2026 e\u011fitim \u00f6\u011fretim y\u0131l\u0131n\u0131n ba\u015flamas\u0131yla birlikte \u0130l\u00e7e Milli E\u011fitim M\u00fcd\u00fcr\u00fc Cezmi Y\u0131ld\u0131rak, yeni e\u011fitim hayat\u0131na ad\u0131m atan \u00f6\u011frencileri ziyaret etti.<br \/>\n<br \/>D\u00f6rt Eyl\u00fcl \u0130lkokulu\u2019nda \u00f6\u011frencilerle bir araya gelen Y\u0131ld\u0131rak, a\u00e7\u0131l\u0131\u015f konu\u015fmas\u0131nda \u00f6\u011frencilere &#8220;\u0130lk dersimiz Ye\u015fil Vatan&#8221; mesaj\u0131n\u0131 verdi. Program kapsam\u0131nda \u00f6\u011frencilerle birlikte a\u011fa\u00e7 dikim etkinli\u011fine de kat\u0131lan Y\u0131ld\u0131rak, \u00e7evre bilincinin ve do\u011fay\u0131 koruman\u0131n \u00f6nemine dikkat \u00e7ekti.<br \/>\n<br \/>\u00d6\u011frencilere yeni d\u00f6nemde ba\u015far\u0131lar dileyen \u0130l\u00e7e Milli E\u011fitim M\u00fcd\u00fcr\u00fc Cezmi Y\u0131ld\u0131rak, her zaman \u00f6\u011frencilerin yan\u0131nda olduklar\u0131n\u0131 vurgulad\u0131.<br \/><\/p>\n","protected":false},"excerpt":{"rendered":"<p>2025-2026 e\u011fitim \u00f6\u011fretim y\u0131l\u0131n\u0131n ba\u015flamas\u0131yla birlikte \u0130l\u00e7e Milli E\u011fitim M\u00fcd\u00fcr\u00fc Cezmi Y\u0131ld\u0131rak, yeni e\u011fitim hayat\u0131na ad\u0131m atan \u00f6\u011frencileri ziyaret etti. D\u00f6rt Eyl\u00fcl \u0130lkokulu\u2019nda \u00f6\u011frencilerle bir araya gelen Y\u0131ld\u0131rak, a\u00e7\u0131l\u0131\u015f konu\u015fmas\u0131nda \u00f6\u011frencilere &#8220;\u0130lk dersimiz Ye\u015fil Vatan&#8221; mesaj\u0131n\u0131 verdi. Program kapsam\u0131nda \u00f6\u011frencilerle birlikte a\u011fa\u00e7 dikim etkinli\u011fine de kat\u0131lan Y\u0131ld\u0131rak, \u00e7evre bilincinin ve do\u011fay\u0131 koruman\u0131n \u00f6nemine dikkat \u00e7ekti&#8230;.<\/p>\n","protected":false},"author":1,"featured_media":53533,"comment_status":"open","ping_status":"open","sticky":false,"template":"","format":"standard","meta":{"_crdt_document":"","footnotes":""},"categories":[1],"tags":[],"class_list":["post-53532","post","type-post","status-publish","format-standard","has-post-thumbnail","hentry","category-guncel"],"_links":{"self":[{"href":"https:\/\/www.egemtv.com\/index.php?rest_route=\/wp\/v2\/posts\/53532","targetHints":{"allow":["GET"]}}],"collection":[{"href":"https:\/\/www.egemtv.com\/index.php?rest_route=\/wp\/v2\/posts"}],"about":[{"href":"https:\/\/www.egemtv.com\/index.php?rest_route=\/wp\/v2\/types\/post"}],"author":[{"embeddable":true,"href":"https:\/\/www.egemtv.com\/index.php?rest_route=\/wp\/v2\/users\/1"}],"replies":[{"embeddable":true,"href":"https:\/\/www.egemtv.com\/index.php?rest_route=%2Fwp%2Fv2%2Fcomments&post=53532"}],"version-history":[{"count":1,"href":"https:\/\/www.egemtv.com\/index.php?rest_route=\/wp\/v2\/posts\/53532\/revisions"}],"predecessor-version":[{"id":53534,"href":"https:\/\/www.egemtv.com\/index.php?rest_route=\/wp\/v2\/posts\/53532\/revisions\/53534"}],"wp:featuredmedia":[{"embeddable":true,"href":"https:\/\/www.egemtv.com\/index.php?rest_route=\/wp\/v2\/media\/53533"}],"wp:attachment":[{"href":"https:\/\/www.egemtv.com\/index.php?rest_route=%2Fwp%2Fv2%2Fmedia&parent=53532"}],"wp:term":[{"taxonomy":"category","embeddable":true,"href":"https:\/\/www.egemtv.com\/index.php?rest_route=%2Fwp%2Fv2%2Fcategories&post=53532"},{"taxonomy":"post_tag","embeddable":true,"href":"https:\/\/www.egemtv.com\/index.php?rest_route=%2Fwp%2Fv2%2Ftags&post=53532"}],"curies":[{"name":"wp","href":"https:\/\/api.w.org\/{rel}","templated":true}]}}