{"id":53529,"date":"2025-09-08T16:54:55","date_gmt":"2025-09-08T13:54:55","guid":{"rendered":"https:\/\/www.egemtv.com\/?p=53529"},"modified":"2025-09-08T16:54:56","modified_gmt":"2025-09-08T13:54:56","slug":"ogrencilere-okulun-ilk-gununde-canta-surprizi","status":"publish","type":"post","link":"https:\/\/www.egemtv.com\/?p=53529","title":{"rendered":"\u00d6\u011frencilere okulun ilk g\u00fcn\u00fcnde \u00e7anta s\u00fcrprizi"},"content":{"rendered":"<p>2025-2026 E\u011fitim \u00f6\u011fretim y\u0131l\u0131n\u0131n ilk g\u00fcn\u00fcnde, Yunusemre il\u00e7esine ba\u011fl\u0131 Yuntda\u011f\u0131 b\u00f6lgesindeki 18 mahalle ilk\u00f6\u011fretim okulunda \u00f6\u011frenim g\u00f6ren \u00f6\u011frencilere Tar\u0131m ve K\u0131rsal Kalk\u0131nmay\u0131 Destekleme Kurumu (TKDK) taraf\u0131ndan s\u0131rt \u00e7antas\u0131 ve k\u0131rtasiye malzemesi hediye edildi.<br \/>\n<br \/>T\u00fcrkiye-Avrupa Birli\u011fi e\u015f finansman\u0131yla y\u00fcr\u00fct\u00fclen IPARD k\u0131rsal kalk\u0131nma hibe program\u0131 kapsam\u0131nda ger\u00e7ekle\u015ftirilen da\u011f\u0131t\u0131m\u0131n ilk dura\u011f\u0131, 16 mahallenin ta\u015f\u0131mal\u0131 e\u011fitim merkezi olan Osmancal\u0131 \u0130lkokulu oldu. T\u00f6rene AK Parti Manisa Milletvekili M\u00fccahit Ar\u0131n\u00e7, TKDK Manisa ve \u0130zmir Koordinat\u00f6r\u00fc Murat Ak\u0131n, Yunusemre \u0130l\u00e7e Milli E\u011fitim M\u00fcd\u00fcr\u00fc Y\u0131ld\u0131ray Demirta\u015f ve mahalle muhtarlar\u0131 kat\u0131ld\u0131.<br \/>\n<br \/>S\u0131n\u0131flar\u0131 gezerek \u00f6\u011frencilerle sohbet eden Milletvekili M\u00fccahit Ar\u0131n\u00e7, \u00e7ocuklar\u0131n okul ve gelecek hayallerini dinledi. Ard\u0131ndan protokol \u00fcyeleriyle birlikte \u00f6\u011frencilere s\u0131rt \u00e7antas\u0131 ve k\u0131rtasiye malzemeleri da\u011f\u0131tt\u0131.<br \/>\n<br \/>Okul bah\u00e7esinde gazetecilere a\u00e7\u0131klamalarda bulunan Milletvekili Ar\u0131n\u00e7, &#8220;Bug\u00fcn 16 k\u00f6y\u00fcm\u00fcz\u00fcn ta\u015f\u0131mal\u0131 e\u011fitimle topland\u0131\u011f\u0131 merkez olan Osmancal\u0131 \u0130lkokulu\u2019nday\u0131z. E\u011fitim \u00f6\u011fretimin ba\u015flad\u0131\u011f\u0131 ilk g\u00fcn, \u00e7ocuklar\u0131m\u0131zla, ailelerimizle, velilerimizle birlikte onlar\u0131n heyecan\u0131na ortak olduk. Anas\u0131n\u0131f\u0131ndan 4. s\u0131n\u0131fa kadar hepsini tek tek dola\u015ft\u0131k. Bizim de kar\u0131nca karar\u0131nca k\u00fc\u00e7\u00fck s\u00fcrprizlerimiz vard\u0131, onlar\u0131 da payla\u015fm\u0131\u015f olduk. \u0130n\u015fallah \u00e7ocuklar\u0131m\u0131z burada ald\u0131klar\u0131 e\u011fitimle hayatlar\u0131na huzurla devam ederler&#8221; dedi.<br \/>\n<br \/>Program\u0131n devam\u0131nda Ar\u0131n\u00e7 ve beraberindeki heyet, Yuntda\u011f\u0131 b\u00f6lgesindeki D\u00fczlen ve Seyitli \u0130lkokullar\u0131n\u0131 da ziyaret ederek \u00f6\u011frencilere \u00e7anta ve k\u0131rtasiye malzemesi hediye etti.<br \/><\/p>\n","protected":false},"excerpt":{"rendered":"<p>2025-2026 E\u011fitim \u00f6\u011fretim y\u0131l\u0131n\u0131n ilk g\u00fcn\u00fcnde, Yunusemre il\u00e7esine ba\u011fl\u0131 Yuntda\u011f\u0131 b\u00f6lgesindeki 18 mahalle ilk\u00f6\u011fretim okulunda \u00f6\u011frenim g\u00f6ren \u00f6\u011frencilere Tar\u0131m ve K\u0131rsal Kalk\u0131nmay\u0131 Destekleme Kurumu (TKDK) taraf\u0131ndan s\u0131rt \u00e7antas\u0131 ve k\u0131rtasiye malzemesi hediye edildi. T\u00fcrkiye-Avrupa Birli\u011fi e\u015f finansman\u0131yla y\u00fcr\u00fct\u00fclen IPARD k\u0131rsal kalk\u0131nma hibe program\u0131 kapsam\u0131nda ger\u00e7ekle\u015ftirilen da\u011f\u0131t\u0131m\u0131n ilk dura\u011f\u0131, 16 mahallenin ta\u015f\u0131mal\u0131 e\u011fitim merkezi olan Osmancal\u0131&#8230;<\/p>\n","protected":false},"author":1,"featured_media":53530,"comment_status":"open","ping_status":"open","sticky":false,"template":"","format":"standard","meta":{"_crdt_document":"","footnotes":""},"categories":[1],"tags":[],"class_list":["post-53529","post","type-post","status-publish","format-standard","has-post-thumbnail","hentry","category-guncel"],"_links":{"self":[{"href":"https:\/\/www.egemtv.com\/index.php?rest_route=\/wp\/v2\/posts\/53529","targetHints":{"allow":["GET"]}}],"collection":[{"href":"https:\/\/www.egemtv.com\/index.php?rest_route=\/wp\/v2\/posts"}],"about":[{"href":"https:\/\/www.egemtv.com\/index.php?rest_route=\/wp\/v2\/types\/post"}],"author":[{"embeddable":true,"href":"https:\/\/www.egemtv.com\/index.php?rest_route=\/wp\/v2\/users\/1"}],"replies":[{"embeddable":true,"href":"https:\/\/www.egemtv.com\/index.php?rest_route=%2Fwp%2Fv2%2Fcomments&post=53529"}],"version-history":[{"count":1,"href":"https:\/\/www.egemtv.com\/index.php?rest_route=\/wp\/v2\/posts\/53529\/revisions"}],"predecessor-version":[{"id":53531,"href":"https:\/\/www.egemtv.com\/index.php?rest_route=\/wp\/v2\/posts\/53529\/revisions\/53531"}],"wp:featuredmedia":[{"embeddable":true,"href":"https:\/\/www.egemtv.com\/index.php?rest_route=\/wp\/v2\/media\/53530"}],"wp:attachment":[{"href":"https:\/\/www.egemtv.com\/index.php?rest_route=%2Fwp%2Fv2%2Fmedia&parent=53529"}],"wp:term":[{"taxonomy":"category","embeddable":true,"href":"https:\/\/www.egemtv.com\/index.php?rest_route=%2Fwp%2Fv2%2Fcategories&post=53529"},{"taxonomy":"post_tag","embeddable":true,"href":"https:\/\/www.egemtv.com\/index.php?rest_route=%2Fwp%2Fv2%2Ftags&post=53529"}],"curies":[{"name":"wp","href":"https:\/\/api.w.org\/{rel}","templated":true}]}}