{"id":53526,"date":"2025-09-08T16:54:54","date_gmt":"2025-09-08T13:54:54","guid":{"rendered":"https:\/\/www.egemtv.com\/?p=53526"},"modified":"2025-09-08T16:54:55","modified_gmt":"2025-09-08T13:54:55","slug":"manisada-20-binden-fazla-afad-gonullusu-afetlere-karsi-hazir","status":"publish","type":"post","link":"https:\/\/www.egemtv.com\/?p=53526","title":{"rendered":"Manisa\u2019da 20 binden fazla AFAD g\u00f6n\u00fcll\u00fcs\u00fc afetlere kar\u015f\u0131 haz\u0131r"},"content":{"rendered":"<p>Manisa\u2019da d\u00fczenlenen AFAD Destek AFAD G\u00f6n\u00fcll\u00fcs\u00fc Bulu\u015fmas\u0131 etkinli\u011finde a\u00e7\u0131klamalarda bulunan Manisa \u0130l Afet ve Acil Durum M\u00fcd\u00fcr\u00fc Osman P\u0131ht\u0131l\u0131, kentte toplam 20 bin 374 AFAD g\u00f6n\u00fcll\u00fcs\u00fcn\u00fcn bulundu\u011funu a\u00e7\u0131klad\u0131.<br \/>\n<br \/>Manisa \u0130l Afet ve Acil Durum M\u00fcd\u00fcrl\u00fc\u011f\u00fc (AFAD) taraf\u0131ndan &#8220;Destek AFAD G\u00f6n\u00fcll\u00fcs\u00fc Bulu\u015fmas\u0131&#8221; etkinli\u011fi ger\u00e7ekle\u015ftirildi.<br \/>\n<br \/>Manisa Atat\u00fcrk Spor Kompleksi\u2019nde d\u00fczenlenen etkinli\u011fe AFAD Manisa \u0130l M\u00fcd\u00fcr\u00fc Osman P\u0131ht\u0131l\u0131, AFAD \u0130l M\u00fcd\u00fcrl\u00fc\u011f\u00fc personeli ile Manisa\u2019daki Destek AFAD G\u00f6n\u00fcll\u00fcleri kat\u0131ld\u0131.<br \/>\n<br \/>T\u00f6rende konu\u015fan AFAD Manisa \u0130l M\u00fcd\u00fcr\u00fc Osman P\u0131ht\u0131l\u0131, Afet ve Acil Durum Y\u00f6netimi Ba\u015fkanl\u0131\u011f\u0131 \u00f6nc\u00fcl\u00fc\u011f\u00fcnde y\u00fcr\u00fct\u00fclen g\u00f6n\u00fcll\u00fcl\u00fck faaliyetleri kapsam\u0131nda Manisa Destek AFAD g\u00f6n\u00fcll\u00fcleri ile bir araya gelmi\u015f olmaktan b\u00fcy\u00fck bir memnuniyet duydu\u011funu ifade etti.<\/p>\n<p>&#8220;Manisa\u2019da toplam AFAD G\u00f6n\u00fcll\u00fc say\u0131m\u0131z 20 bin 374\u2019d\u00fcr&#8221;<br \/>\n<br \/>\u0130l M\u00fcd\u00fcr\u00fc P\u0131ht\u0131l\u0131, konu\u015fmas\u0131nda, &#8220;Bug\u00fcn itibariyle Manisa\u2019da Temel AFAD G\u00f6n\u00fcll\u00fc say\u0131m\u0131z; 19.444\u2019d\u00fcr. Destek AFAD G\u00f6n\u00fcll\u00fc say\u0131m\u0131z; 930\u2019dur. Toplam AFAD G\u00f6n\u00fcll\u00fc say\u0131m\u0131z ise; 20 bin 374\u2019d\u00fcr. 2025 y\u0131l\u0131 Destek AFAD G\u00f6n\u00fcll\u00fcs\u00fc olmaya hak kazananlara y\u00f6nelik y\u00fcz y\u00fcze e\u011fitimlerimiz devam etmektedir. Destek AFAD G\u00f6n\u00fcll\u00fcl\u00fc\u011f\u00fc, yaln\u0131zca afet an\u0131nda de\u011fil, afet \u00f6ncesinde toplumsal fark\u0131ndal\u0131k olu\u015fturulmas\u0131nda ve afet sonras\u0131nda yaralar\u0131n sar\u0131lmas\u0131nda b\u00fcy\u00fck rol \u00fcstlenmektedir. Devletimizin afetlere y\u00f6nelik kurumsal kapasitesine halk\u0131m\u0131z\u0131n g\u00f6n\u00fcll\u00fc katk\u0131s\u0131n\u0131 ekleyerek \u00e7ok daha g\u00fc\u00e7l\u00fc bir yap\u0131 olu\u015fturmaktay\u0131z.&#8221; dedi.<\/p>\n<p>&#8220;Afetlere haz\u0131r olmal\u0131y\u0131z&#8221;<br \/>\n<br \/>&#8220;Afetler her an kap\u0131m\u0131z\u0131 \u00e7alabilir.&#8221; diyen P\u0131ht\u0131l\u0131, &#8220;\u00d6nemli olan, bu anlara haz\u0131rl\u0131kl\u0131 olmak ve el birli\u011fiyle hareket edebilmektir. Sizler, yaln\u0131zca afet an\u0131nda de\u011fil; afet \u00f6ncesinde toplumu bilin\u00e7lendirmede, fark\u0131ndal\u0131k olu\u015fturmada ve afet sonras\u0131 dayan\u0131\u015fma ruhunu g\u00fc\u00e7lendirmede de \u00f6nemli bir rol \u00fcstleniyorsunuz. Sizler AFAD ailesini b\u00fcy\u00fct\u00fcyor ve g\u00fc\u00e7lendiriyorsunuz. \u0130\u015fte bu noktada g\u00f6n\u00fcll\u00fclerimiz bizim en b\u00fcy\u00fck de\u011ferlerimizden biridir. Bu s\u00fcre\u00e7te g\u00f6sterdi\u011finiz \u00f6zveri, gayret ve sorumluluk duygusu i\u00e7in her birinize te\u015fekk\u00fcr ediyorum. G\u00f6n\u00fcll\u00fcl\u00fck bir y\u00fcrek i\u015fidir. Ve sizler bu y\u00fcrekle, bu bilin\u00e7le hareket ederek toplumumuzun g\u00fcvenli\u011fine katk\u0131 sa\u011fl\u0131yorsunuz. Her birinizin i\u00e7inde ta\u015f\u0131d\u0131\u011f\u0131 bu sorumluluk, yaln\u0131zca bir g\u00f6rev de\u011fil, ayn\u0131 zamanda bir insanl\u0131k borcudur. Sizler bu borcu can\u0131 g\u00f6n\u00fclden \u00f6d\u00fcyor, toplumumuzun yar\u0131nlar\u0131n\u0131 daha g\u00fcvenli hale getiriyorsunuz.&#8221; \u015feklinde konu\u015ftu.<\/p>\n<p>&#8220;Bir arada olmak, gelece\u011fe dair umutlar\u0131m\u0131z\u0131 g\u00fc\u00e7lendirmektedir&#8221;<br \/>\n<br \/>Gelece\u011fe dair umutlar\u0131n\u0131n artarak devam etti\u011fini kaydeden P\u0131ht\u0131l\u0131 a\u00e7\u0131klamas\u0131n\u0131 \u015f\u00f6yle tamamlad\u0131: &#8220;Bug\u00fcn burada, fedak\u00e2rca g\u00f6rev almay\u0131 se\u00e7en g\u00f6n\u00fcll\u00fclerimizle bir arada olmak, gelece\u011fe dair umutlar\u0131m\u0131z\u0131 g\u00fc\u00e7lendirmektedir. Ben y\u00fcrekten inan\u0131yorum ki; siz AFAD g\u00f6n\u00fcll\u00fclerimizin gayreti, \u00f6zverisi, bilgi ve becerisi, \u00fclkemizin afetlere kar\u015f\u0131 daha haz\u0131rl\u0131kl\u0131 daha diren\u00e7li bir yap\u0131ya kavu\u015fmas\u0131nda en \u00f6nemli dayanaklar\u0131m\u0131zdan biridir. Destek AFAD G\u00f6n\u00fcll\u00fcs\u00fc etkinli\u011fimizin faydal\u0131 ve keyifli olmas\u0131n\u0131 diliyor, burada bulunup destek veren t\u00fcm g\u00f6n\u00fcll\u00fclerimize, eme\u011fi ge\u00e7en t\u00fcm arkada\u015flar\u0131m\u0131za te\u015fekk\u00fcr ediyorum. Hep birlikte, daha bilin\u00e7li, daha g\u00fcvenli ve daha g\u00fc\u00e7l\u00fc bir T\u00fcrkiye i\u00e7in \u00e7al\u0131\u015fmaya devam edece\u011fiz.&#8221;<br \/>\n<br \/>Konu\u015fmalar\u0131n ard\u0131ndan AFAD Destek AFAD G\u00f6n\u00fcll\u00fcleri kendi aralar\u0131nda onar ki\u015filik gruplar olu\u015fturduktan sonra kurulan Halat \u00c7ekme, \u00c7uval yar\u0131\u015f\u0131, Elektrik ak\u0131m\u0131, \u0130pler ve D\u00fc\u011f\u00fcmler, Dart, Bilek g\u00fcre\u015fi, Haf\u0131za ve Refleks oyun istasyonlar\u0131nda gruplar halinde yar\u0131\u015ft\u0131. Yar\u0131\u015fmalar\u0131n sonunda dereceye giren g\u00f6n\u00fcll\u00fclere \u00f6d\u00fclleri AFAD Manisa \u0130l M\u00fcd\u00fcr\u00fc Osman P\u0131ht\u0131l\u0131 taraf\u0131ndan takdim edildi.<br \/><\/p>\n","protected":false},"excerpt":{"rendered":"<p>Manisa\u2019da d\u00fczenlenen AFAD Destek AFAD G\u00f6n\u00fcll\u00fcs\u00fc Bulu\u015fmas\u0131 etkinli\u011finde a\u00e7\u0131klamalarda bulunan Manisa \u0130l Afet ve Acil Durum M\u00fcd\u00fcr\u00fc Osman P\u0131ht\u0131l\u0131, kentte toplam 20 bin 374 AFAD g\u00f6n\u00fcll\u00fcs\u00fcn\u00fcn bulundu\u011funu a\u00e7\u0131klad\u0131. Manisa \u0130l Afet ve Acil Durum M\u00fcd\u00fcrl\u00fc\u011f\u00fc (AFAD) taraf\u0131ndan &#8220;Destek AFAD G\u00f6n\u00fcll\u00fcs\u00fc Bulu\u015fmas\u0131&#8221; etkinli\u011fi ger\u00e7ekle\u015ftirildi. Manisa Atat\u00fcrk Spor Kompleksi\u2019nde d\u00fczenlenen etkinli\u011fe AFAD Manisa \u0130l M\u00fcd\u00fcr\u00fc Osman P\u0131ht\u0131l\u0131,&#8230;<\/p>\n","protected":false},"author":1,"featured_media":53527,"comment_status":"open","ping_status":"open","sticky":false,"template":"","format":"standard","meta":{"_crdt_document":"","footnotes":""},"categories":[1],"tags":[],"class_list":["post-53526","post","type-post","status-publish","format-standard","has-post-thumbnail","hentry","category-guncel"],"_links":{"self":[{"href":"https:\/\/www.egemtv.com\/index.php?rest_route=\/wp\/v2\/posts\/53526","targetHints":{"allow":["GET"]}}],"collection":[{"href":"https:\/\/www.egemtv.com\/index.php?rest_route=\/wp\/v2\/posts"}],"about":[{"href":"https:\/\/www.egemtv.com\/index.php?rest_route=\/wp\/v2\/types\/post"}],"author":[{"embeddable":true,"href":"https:\/\/www.egemtv.com\/index.php?rest_route=\/wp\/v2\/users\/1"}],"replies":[{"embeddable":true,"href":"https:\/\/www.egemtv.com\/index.php?rest_route=%2Fwp%2Fv2%2Fcomments&post=53526"}],"version-history":[{"count":1,"href":"https:\/\/www.egemtv.com\/index.php?rest_route=\/wp\/v2\/posts\/53526\/revisions"}],"predecessor-version":[{"id":53528,"href":"https:\/\/www.egemtv.com\/index.php?rest_route=\/wp\/v2\/posts\/53526\/revisions\/53528"}],"wp:featuredmedia":[{"embeddable":true,"href":"https:\/\/www.egemtv.com\/index.php?rest_route=\/wp\/v2\/media\/53527"}],"wp:attachment":[{"href":"https:\/\/www.egemtv.com\/index.php?rest_route=%2Fwp%2Fv2%2Fmedia&parent=53526"}],"wp:term":[{"taxonomy":"category","embeddable":true,"href":"https:\/\/www.egemtv.com\/index.php?rest_route=%2Fwp%2Fv2%2Fcategories&post=53526"},{"taxonomy":"post_tag","embeddable":true,"href":"https:\/\/www.egemtv.com\/index.php?rest_route=%2Fwp%2Fv2%2Ftags&post=53526"}],"curies":[{"name":"wp","href":"https:\/\/api.w.org\/{rel}","templated":true}]}}