{"id":53523,"date":"2025-09-08T16:34:47","date_gmt":"2025-09-08T13:34:47","guid":{"rendered":"https:\/\/www.egemtv.com\/?p=53523"},"modified":"2025-09-08T16:34:47","modified_gmt":"2025-09-08T13:34:47","slug":"fethiyede-atas-cinayeti-davasi-suruyor","status":"publish","type":"post","link":"https:\/\/www.egemtv.com\/?p=53523","title":{"rendered":"Fethiye\u2019de Ata\u015f cinayeti davas\u0131 s\u00fcr\u00fcyor"},"content":{"rendered":"<p>Mu\u011fla\u2019n\u0131n Seydikemer il\u00e7esinde \u015eaban Ata\u015f\u2019\u0131n \u00f6ld\u00fcr\u00fclmesiyle ilgili 3\u2019\u00fc tutuklu 4 san\u0131\u011f\u0131n yarg\u0131lanmas\u0131na devam edildi.<\/p>\n<p>M\u00fcge Anl\u0131\u2019ya konuk olan Emine Karabulut\u2019un cinayet itiraf\u0131yla birlikte, Emine Karabulut, Burhanettin \u00d6zt\u00fcrk ve Mert Ata\u015f tutuklanm\u0131\u015f ve Durkad\u0131n K. ise adli kontrol \u015fart\u0131 ile serbest kalm\u0131\u015ft\u0131. Bug\u00fcnk\u00fc duru\u015fmada savc\u0131 m\u00fctaalas\u0131n\u0131 a\u00e7\u0131klarken, Emine Karabulut, Burhanettin \u00d6zt\u00fcrk ve Mert Ata\u015f ve Durkad\u0131n K. hakk\u0131nda tasarlayarak kasten \u00f6ld\u00fcrme su\u00e7undan cezaland\u0131r\u0131lmalar\u0131n\u0131 istedi.<\/p>\n<p>Seydikemer il\u00e7esinde ya\u015fayan 3 \u00e7ocuk babas\u0131 in\u015faat i\u015f\u00e7isi \u015eaban Ata\u015f, 22 Mart\u2019ta ortadan kayboldu. Gidebilece\u011fi yerlere bakmas\u0131na ra\u011fmen kendisine ula\u015famayan yak\u0131nlar\u0131, 1 g\u00fcn sonra polise kay\u0131p ba\u015fvurusunda bulundu. Ancak g\u00fcvenlik g\u00fc\u00e7lerinin t\u00fcm \u00e7abalar\u0131na ra\u011fmen Ata\u015f\u2019a ula\u015f\u0131lamad\u0131. \u015eaban Ata\u015f\u2019\u0131n bir s\u00fcre \u00f6nce bo\u015fanmalar\u0131na ra\u011fmen ayn\u0131 evi payla\u015ft\u0131\u011f\u0131 eski e\u015fi Emine Karabulut, \u00e7ocuklar\u0131yla birlikte kat\u0131ld\u0131\u011f\u0131 canl\u0131 yay\u0131n \u00e7\u0131k\u0131\u015f\u0131nda program\u0131n sunucusuna cinayeti itiraf etmi\u015fti.<\/p>\n<p>Fethiye 3.A\u011f\u0131r Ceza Mahkemesinde g\u00f6r\u00fclen dava da duru\u015fma savc\u0131s\u0131 m\u00fctalaas\u0131n\u0131 a\u00e7\u0131klayarak tutuklu san\u0131klar Emine Karabulut, Burhanettin \u00d6zt\u00fcrk, Mert Ata\u015f ve tutuksuz Durkad\u0131n K. hakk\u0131nda tasarlayarak kasten \u00f6ld\u00fcrme su\u00e7undan cezaland\u0131r\u0131lmalar\u0131n\u0131 istedi.<\/p>\n<p>Duru\u015fmada Mert Ata\u015f, &#8220;Ben cinayete dahil olmad\u0131m. Sadece ta\u015f\u0131ma eyleminde bulundum. Tahliyemi talep ediyorum. \u015euan tek karde\u015fim \u00e7al\u0131\u015f\u0131yor, bir\u00e7ok icral\u0131k dosya var bunlar\u0131n \u00f6denmesi i\u00e7in benimde \u00e7al\u0131\u015fmam laz\u0131m&#8221; ifadelerinde bulundu.<\/p>\n<p>Emine Karabulut, &#8220;O\u011flum ve ben Mert bask\u0131 halinde kalarak sadece ceset ta\u015f\u0131maya yard\u0131m ettik. Bakmakla y\u00fck\u00fcml\u00fc oldu\u011fum 2 \u00e7ocu\u011fum ve ya\u015fl\u0131 annem var. B\u00f6yle olay olmas\u0131ndan \u00e7ok pi\u015fman\u0131m. Cesedin yerini g\u00f6sterdim. Su\u00e7 delillerini g\u00f6sterdim. Her \u015feyi itiraf ettim&#8221; ifadelerini kulland\u0131.<\/p>\n<p>Burhanettin \u00d6zt\u00fcrk &#8220;Emine 3 kez ifade de\u011fi\u015ftirdi. Bask\u0131 halinde ise karakola gitti\u011finde neden s\u00f6ylememi\u015f. Benim \u015eaban\u2019\u0131 \u00f6ld\u00fcrmem i\u00e7in hi\u00e7bir gerek\u00e7e yoktur. Yasak a\u015fk cinayetine asla kat\u0131lm\u0131yorum. B\u00f6yle bir \u015fey yok. Ben cinayet i\u015flemedim&#8221; dedi.<br \/>\n<br \/>Durkad\u0131n K. \u0130se &#8220;Ben cinayeti g\u00f6rd\u00fcm. Burhanettin \u00f6ld\u00fcrd\u00fc. Hatta cebinden ip \u00e7\u0131kard\u0131, bo\u011faz\u0131ndan s\u0131karak canavarca \u00f6ld\u00fcrd\u00fc&#8221; dedi.<br \/>\n<br \/>Duru\u015fma ek savunma hakk\u0131 verilerek ileri bir tarihe ertelendi.<\/p>\n","protected":false},"excerpt":{"rendered":"<p>Mu\u011fla\u2019n\u0131n Seydikemer il\u00e7esinde \u015eaban Ata\u015f\u2019\u0131n \u00f6ld\u00fcr\u00fclmesiyle ilgili 3\u2019\u00fc tutuklu 4 san\u0131\u011f\u0131n yarg\u0131lanmas\u0131na devam edildi. M\u00fcge Anl\u0131\u2019ya konuk olan Emine Karabulut\u2019un cinayet itiraf\u0131yla birlikte, Emine Karabulut, Burhanettin \u00d6zt\u00fcrk ve Mert Ata\u015f tutuklanm\u0131\u015f ve Durkad\u0131n K. ise adli kontrol \u015fart\u0131 ile serbest kalm\u0131\u015ft\u0131. Bug\u00fcnk\u00fc duru\u015fmada savc\u0131 m\u00fctaalas\u0131n\u0131 a\u00e7\u0131klarken, Emine Karabulut, Burhanettin \u00d6zt\u00fcrk ve Mert Ata\u015f ve Durkad\u0131n&#8230;<\/p>\n","protected":false},"author":1,"featured_media":53524,"comment_status":"open","ping_status":"open","sticky":false,"template":"","format":"standard","meta":{"_crdt_document":"","footnotes":""},"categories":[5],"tags":[],"class_list":["post-53523","post","type-post","status-publish","format-standard","has-post-thumbnail","hentry","category-asayis"],"_links":{"self":[{"href":"https:\/\/www.egemtv.com\/index.php?rest_route=\/wp\/v2\/posts\/53523","targetHints":{"allow":["GET"]}}],"collection":[{"href":"https:\/\/www.egemtv.com\/index.php?rest_route=\/wp\/v2\/posts"}],"about":[{"href":"https:\/\/www.egemtv.com\/index.php?rest_route=\/wp\/v2\/types\/post"}],"author":[{"embeddable":true,"href":"https:\/\/www.egemtv.com\/index.php?rest_route=\/wp\/v2\/users\/1"}],"replies":[{"embeddable":true,"href":"https:\/\/www.egemtv.com\/index.php?rest_route=%2Fwp%2Fv2%2Fcomments&post=53523"}],"version-history":[{"count":1,"href":"https:\/\/www.egemtv.com\/index.php?rest_route=\/wp\/v2\/posts\/53523\/revisions"}],"predecessor-version":[{"id":53525,"href":"https:\/\/www.egemtv.com\/index.php?rest_route=\/wp\/v2\/posts\/53523\/revisions\/53525"}],"wp:featuredmedia":[{"embeddable":true,"href":"https:\/\/www.egemtv.com\/index.php?rest_route=\/wp\/v2\/media\/53524"}],"wp:attachment":[{"href":"https:\/\/www.egemtv.com\/index.php?rest_route=%2Fwp%2Fv2%2Fmedia&parent=53523"}],"wp:term":[{"taxonomy":"category","embeddable":true,"href":"https:\/\/www.egemtv.com\/index.php?rest_route=%2Fwp%2Fv2%2Fcategories&post=53523"},{"taxonomy":"post_tag","embeddable":true,"href":"https:\/\/www.egemtv.com\/index.php?rest_route=%2Fwp%2Fv2%2Ftags&post=53523"}],"curies":[{"name":"wp","href":"https:\/\/api.w.org\/{rel}","templated":true}]}}