{"id":53520,"date":"2025-09-08T16:15:27","date_gmt":"2025-09-08T13:15:27","guid":{"rendered":"https:\/\/www.egemtv.com\/?p=53520"},"modified":"2025-09-08T16:15:28","modified_gmt":"2025-09-08T13:15:28","slug":"manisa-fknin-kupadaki-rakibi-kirikkale-fk-oldu","status":"publish","type":"post","link":"https:\/\/www.egemtv.com\/?p=53520","title":{"rendered":"Manisa FK\u2019n\u0131n kupadaki rakibi K\u0131r\u0131kkale FK oldu"},"content":{"rendered":"<p>Manisa Futbol Kul\u00fcb\u00fc, Ziraat T\u00fcrkiye Kupas\u0131 2. Eleme Turu\u2019nda K\u0131r\u0131kkale FK ile e\u015fle\u015fti. Kar\u015f\u0131la\u015fma 16-17-18 Eyl\u00fcl tarihlerinde K\u0131r\u0131kkale\u2019de oynanacak.<br \/>\n<br \/>Ziraat T\u00fcrkiye Kupas\u0131 2. Eleme Turu Kura \u00c7ekimi, bug\u00fcn TFF Riva Hasan Do\u011fan Milli Tak\u0131mlar Kamp ve E\u011fitim Tesisleri\u2019nde yap\u0131ld\u0131. \u00c7ekilen kura sonucunda Manisa Futbol Kul\u00fcb\u00fc, Ziraat T\u00fcrkiye Kupas\u0131 2. Eleme Turu\u2019nda Nesine 3. Lig 2. Grup temsilcisi K\u0131r\u0131kkale Futbol Kul\u00fcb\u00fc ile e\u015fle\u015fti. T\u00fcrkiye Kupas\u0131\u2019nda 2. Eleme Turu ma\u00e7lar\u0131 16-17-18 Eyl\u00fcl tarihlerinde oynanacak. K\u0131r\u0131kkale Ba\u015fp\u0131nar Stad\u0131\u2019nda oynanacak m\u00fccadelenin g\u00fcn\u00fc ve saati ise \u00f6n\u00fcm\u00fczdeki g\u00fcnlerde a\u00e7\u0131klanacak.<br \/><\/p>\n","protected":false},"excerpt":{"rendered":"<p>Manisa Futbol Kul\u00fcb\u00fc, Ziraat T\u00fcrkiye Kupas\u0131 2. Eleme Turu\u2019nda K\u0131r\u0131kkale FK ile e\u015fle\u015fti. Kar\u015f\u0131la\u015fma 16-17-18 Eyl\u00fcl tarihlerinde K\u0131r\u0131kkale\u2019de oynanacak. Ziraat T\u00fcrkiye Kupas\u0131 2. Eleme Turu Kura \u00c7ekimi, bug\u00fcn TFF Riva Hasan Do\u011fan Milli Tak\u0131mlar Kamp ve E\u011fitim Tesisleri\u2019nde yap\u0131ld\u0131. \u00c7ekilen kura sonucunda Manisa Futbol Kul\u00fcb\u00fc, Ziraat T\u00fcrkiye Kupas\u0131 2. Eleme Turu\u2019nda Nesine 3. Lig 2&#8230;.<\/p>\n","protected":false},"author":1,"featured_media":53521,"comment_status":"open","ping_status":"open","sticky":false,"template":"","format":"standard","meta":{"_crdt_document":"","footnotes":""},"categories":[4],"tags":[],"class_list":["post-53520","post","type-post","status-publish","format-standard","has-post-thumbnail","hentry","category-spor"],"_links":{"self":[{"href":"https:\/\/www.egemtv.com\/index.php?rest_route=\/wp\/v2\/posts\/53520","targetHints":{"allow":["GET"]}}],"collection":[{"href":"https:\/\/www.egemtv.com\/index.php?rest_route=\/wp\/v2\/posts"}],"about":[{"href":"https:\/\/www.egemtv.com\/index.php?rest_route=\/wp\/v2\/types\/post"}],"author":[{"embeddable":true,"href":"https:\/\/www.egemtv.com\/index.php?rest_route=\/wp\/v2\/users\/1"}],"replies":[{"embeddable":true,"href":"https:\/\/www.egemtv.com\/index.php?rest_route=%2Fwp%2Fv2%2Fcomments&post=53520"}],"version-history":[{"count":1,"href":"https:\/\/www.egemtv.com\/index.php?rest_route=\/wp\/v2\/posts\/53520\/revisions"}],"predecessor-version":[{"id":53522,"href":"https:\/\/www.egemtv.com\/index.php?rest_route=\/wp\/v2\/posts\/53520\/revisions\/53522"}],"wp:featuredmedia":[{"embeddable":true,"href":"https:\/\/www.egemtv.com\/index.php?rest_route=\/wp\/v2\/media\/53521"}],"wp:attachment":[{"href":"https:\/\/www.egemtv.com\/index.php?rest_route=%2Fwp%2Fv2%2Fmedia&parent=53520"}],"wp:term":[{"taxonomy":"category","embeddable":true,"href":"https:\/\/www.egemtv.com\/index.php?rest_route=%2Fwp%2Fv2%2Fcategories&post=53520"},{"taxonomy":"post_tag","embeddable":true,"href":"https:\/\/www.egemtv.com\/index.php?rest_route=%2Fwp%2Fv2%2Ftags&post=53520"}],"curies":[{"name":"wp","href":"https:\/\/api.w.org\/{rel}","templated":true}]}}