{"id":53517,"date":"2025-09-08T16:15:26","date_gmt":"2025-09-08T13:15:26","guid":{"rendered":"https:\/\/www.egemtv.com\/?p=53517"},"modified":"2025-09-08T16:15:27","modified_gmt":"2025-09-08T13:15:27","slug":"bodrum-kemer-ve-tepecike-7-milyon-800-bin-tllik-yol-yatirimi","status":"publish","type":"post","link":"https:\/\/www.egemtv.com\/?p=53517","title":{"rendered":"Bodrum Kemer ve Tepecik\u2019e 7 milyon 800 bin TL\u2019lik yol yat\u0131r\u0131m\u0131"},"content":{"rendered":"<p>Mu\u011fla B\u00fcy\u00fck\u015fehir Belediyesi, Bodrum\u2019un Kemer ve Tepecik Mahallelerini birbirine ba\u011flayan yol g\u00fczerg\u00e2h\u0131nda kapsaml\u0131 bir \u00e7al\u0131\u015fma ger\u00e7ekle\u015ftirdi. Toplam 4 bin 600 metrelik yol \u00fczerinde yap\u0131lan \u00e7al\u0131\u015fmalar kapsam\u0131nda, yolun ortalama geni\u015fli\u011fi m\u00fclkiyet s\u0131n\u0131rlar\u0131 d\u00e2hilinde 6 metreden 9 metreye \u00e7\u0131kar\u0131ld\u0131. Zemin tabakas\u0131n\u0131n zay\u0131f oldu\u011fu b\u00f6lgelerde g\u00fc\u00e7lendirme \u00e7al\u0131\u015fmalar\u0131 yap\u0131l\u0131rken, ard\u0131ndan 1. kat sathi kaplama asfalt imalat\u0131 tamamland\u0131.<br \/>\n<br \/>\u00c7al\u0131\u015fmalar\u0131n tamamlanmas\u0131yla birlikte Kemer ve Tepecik Mahalleleri g\u00fcvenli ve konforlu bir ula\u015f\u0131ma kavu\u015ftu. Yakla\u015f\u0131k 7 milyon 800 bin TL\u2019lik yat\u0131r\u0131mla hayata ge\u00e7irilen yol d\u00fczenlemesi, b\u00f6lge ula\u015f\u0131m\u0131na \u00f6nemli katk\u0131 sa\u011flad\u0131.<br \/>\n<br \/>Tepecik Karaova Muhtar\u0131 \u015eakir Demir, &#8220;Daha \u00f6nce yolumuz \u00e7ok dard\u0131. Mahallemizde ilk\u00f6\u011fretim okulumuz var. Ta\u015f\u0131mal\u0131 e\u011fitim ve servisler yolu s\u0131k kullan\u0131yor. Yolumuz ger\u00e7ekten \u00e7ok dard\u0131. Mu\u011fla B\u00fcy\u00fck\u015fehir Belediye Ba\u015fkan\u0131m\u0131z Ahmet Aras\u2019tan yolumuzun geni\u015fletilmesini talep ettik. B\u00fcy\u00fck\u015fehir Belediyesi ekipleri yakla\u015f\u0131k 1 ayd\u0131r \u00e7al\u0131\u015fmalar\u0131n\u0131 s\u00fcrd\u00fcrd\u00fc. Yollar\u0131m\u0131z geni\u015fledi, gayet g\u00fczel ve konforlu bir yola kavu\u015ftuk. Ahmet Aras Ba\u015fkan\u0131m\u0131za ve t\u00fcm belediye \u00e7al\u0131\u015fanlar\u0131na mahallem ad\u0131na te\u015fekk\u00fcr ederim&#8221; dedi.<br \/>\n<br \/>Kemer Mahallesi Muhtar\u0131 \u0130smail Hamurlu, &#8220;Se\u00e7imlerden sonra Tepecik Mahallesi Muhtar\u0131m\u0131zla birlikte B\u00fcy\u00fck\u015fehir Belediyesi\u2019nden taleplerimiz oldu. B\u00fcy\u00fck\u015fehir Belediyesi taleplerimize kar\u015f\u0131l\u0131k verdi. Yollar\u0131m\u0131z \u00e7ok g\u00fczel oldu. Daha \u00f6nce iki arac\u0131n ge\u00e7emedi\u011fi yerler geni\u015fletildi. Mu\u011fla B\u00fcy\u00fck\u015fehir Belediye Ba\u015fkan\u0131m\u0131z Ahmet Aras, k\u0131rsal mahallelere \u00e7ok b\u00fcy\u00fck \u00f6nem veriyor. Vatanda\u015flar\u0131m\u0131z da bu durumdan \u00e7ok memnun. Kendisine \u00e7ok te\u015fekk\u00fcr ediyoruz&#8221; dedi.<br \/>\n<br \/>Mu\u011fla B\u00fcy\u00fck\u015fehir Belediyesi Yol Bak\u0131m ve \u0130\u015fletme \u015eube M\u00fcd\u00fcrl\u00fc\u011f\u00fc Bodrum Sorumlusu Bernis G\u00fcnay, &#8220;Mu\u011fla B\u00fcy\u00fck\u015fehir Belediyesi olarak k\u0131rsal mahallelerimizde ba\u015flatm\u0131\u015f oldu\u011fumuz yol bak\u0131m \u00e7al\u0131\u015fmalar\u0131m\u0131z aral\u0131ks\u0131z devam ediyor. Bu kapsamda Bodrum il\u00e7emizde Kemer ve Tepecik Mahallelerimizi birbirine ba\u011flayan 4 bin 600 metrelik yolda ba\u015flatt\u0131\u011f\u0131m\u0131z yol geni\u015fletme, zemin iyile\u015ftirme ve sathi kaplama \u00e7al\u0131\u015fmalar\u0131m\u0131z\u0131 tamamlad\u0131k. 7 milyon 800 bin TL maliyetle y\u00fcr\u00fctt\u00fc\u011f\u00fcm\u00fcz \u00e7al\u0131\u015fmam\u0131zda yol geni\u015fli\u011fini 6 metreden 9 metreye \u00e7\u0131kard\u0131k. Mu\u011fla B\u00fcy\u00fck\u015fehir Belediye Ba\u015fkan\u0131m\u0131z Say\u0131n Ahmet Aras\u2019\u0131n k\u0131rsal mahallelerimizde g\u00fcvenli ve konforlu ula\u015f\u0131ma verdi\u011fi \u00f6nem do\u011frultusunda \u00e7al\u0131\u015fmalar\u0131m\u0131za devam ediyoruz&#8221; dedi.<br \/>\n<br \/>K\u0131y\u0131 Ege Belediyeler Birli\u011fi ve Mu\u011fla B\u00fcy\u00fck\u015fehir Belediye Ba\u015fkan\u0131 Ahmet Aras, yol \u00e7al\u0131\u015fmalar\u0131yla ilgili yapt\u0131\u011f\u0131 a\u00e7\u0131klamada \u015funlar\u0131 s\u00f6yledi: &#8220;Mu\u011fla\u2019n\u0131n her k\u00f6\u015fesinde vatanda\u015flar\u0131m\u0131z\u0131n ya\u015fam kalitesini y\u00fckseltmek, ula\u015f\u0131m\u0131 g\u00fcvenli ve konforlu hale getirmek i\u00e7in \u00e7al\u0131\u015f\u0131yoruz. Kemer ve Tepecik Mahallelerimizi birbirine ba\u011flayan bu g\u00fczerg\u00e2h, hem b\u00f6lge halk\u0131 hem de \u00f6\u011frenciler i\u00e7in b\u00fcy\u00fck \u00f6nem ta\u015f\u0131yor. Yolumuzu geni\u015fleterek daha g\u00fcvenli hale getirdik, modern bir ula\u015f\u0131m altyap\u0131s\u0131 sa\u011flad\u0131k. Yerel y\u00f6netimlerin en temel g\u00f6revi, vatanda\u015flar\u0131n g\u00fcnl\u00fck ya\u015fam\u0131n\u0131 kolayla\u015ft\u0131rmakt\u0131r. Bu nedenle k\u0131rsal mahallelerimizde yol, su, altyap\u0131 gibi hizmetlere \u00f6ncelik vermeyi s\u00fcrd\u00fcrece\u011fiz. \u00c7\u00fcnk\u00fc biz biliyoruz ki kent merkezinde ya\u015fayan yurtta\u015flar\u0131m\u0131z\u0131n oldu\u011fu kadar k\u00f6ylerimizde, k\u0131rsal mahallelerimizde ya\u015fayan yurtta\u015flar\u0131m\u0131z\u0131n da ayn\u0131 kalitede hizmet alma hakk\u0131 var. Bu s\u00fcre\u00e7te emek veren t\u00fcm \u00e7al\u0131\u015fma arkada\u015flar\u0131ma te\u015fekk\u00fcr ediyor, yeni yolumuzun Kemer ve Tepecik halk\u0131na hay\u0131rl\u0131 olmas\u0131n\u0131 diliyorum&#8221; dedi.<br \/><\/p>\n","protected":false},"excerpt":{"rendered":"<p>Mu\u011fla B\u00fcy\u00fck\u015fehir Belediyesi, Bodrum\u2019un Kemer ve Tepecik Mahallelerini birbirine ba\u011flayan yol g\u00fczerg\u00e2h\u0131nda kapsaml\u0131 bir \u00e7al\u0131\u015fma ger\u00e7ekle\u015ftirdi. Toplam 4 bin 600 metrelik yol \u00fczerinde yap\u0131lan \u00e7al\u0131\u015fmalar kapsam\u0131nda, yolun ortalama geni\u015fli\u011fi m\u00fclkiyet s\u0131n\u0131rlar\u0131 d\u00e2hilinde 6 metreden 9 metreye \u00e7\u0131kar\u0131ld\u0131. Zemin tabakas\u0131n\u0131n zay\u0131f oldu\u011fu b\u00f6lgelerde g\u00fc\u00e7lendirme \u00e7al\u0131\u015fmalar\u0131 yap\u0131l\u0131rken, ard\u0131ndan 1. kat sathi kaplama asfalt imalat\u0131 tamamland\u0131. \u00c7al\u0131\u015fmalar\u0131n tamamlanmas\u0131yla&#8230;<\/p>\n","protected":false},"author":1,"featured_media":53518,"comment_status":"open","ping_status":"open","sticky":false,"template":"","format":"standard","meta":{"_crdt_document":"","footnotes":""},"categories":[125],"tags":[],"class_list":["post-53517","post","type-post","status-publish","format-standard","has-post-thumbnail","hentry","category-ekonomi"],"_links":{"self":[{"href":"https:\/\/www.egemtv.com\/index.php?rest_route=\/wp\/v2\/posts\/53517","targetHints":{"allow":["GET"]}}],"collection":[{"href":"https:\/\/www.egemtv.com\/index.php?rest_route=\/wp\/v2\/posts"}],"about":[{"href":"https:\/\/www.egemtv.com\/index.php?rest_route=\/wp\/v2\/types\/post"}],"author":[{"embeddable":true,"href":"https:\/\/www.egemtv.com\/index.php?rest_route=\/wp\/v2\/users\/1"}],"replies":[{"embeddable":true,"href":"https:\/\/www.egemtv.com\/index.php?rest_route=%2Fwp%2Fv2%2Fcomments&post=53517"}],"version-history":[{"count":1,"href":"https:\/\/www.egemtv.com\/index.php?rest_route=\/wp\/v2\/posts\/53517\/revisions"}],"predecessor-version":[{"id":53519,"href":"https:\/\/www.egemtv.com\/index.php?rest_route=\/wp\/v2\/posts\/53517\/revisions\/53519"}],"wp:featuredmedia":[{"embeddable":true,"href":"https:\/\/www.egemtv.com\/index.php?rest_route=\/wp\/v2\/media\/53518"}],"wp:attachment":[{"href":"https:\/\/www.egemtv.com\/index.php?rest_route=%2Fwp%2Fv2%2Fmedia&parent=53517"}],"wp:term":[{"taxonomy":"category","embeddable":true,"href":"https:\/\/www.egemtv.com\/index.php?rest_route=%2Fwp%2Fv2%2Fcategories&post=53517"},{"taxonomy":"post_tag","embeddable":true,"href":"https:\/\/www.egemtv.com\/index.php?rest_route=%2Fwp%2Fv2%2Ftags&post=53517"}],"curies":[{"name":"wp","href":"https:\/\/api.w.org\/{rel}","templated":true}]}}