{"id":53502,"date":"2025-09-08T15:54:42","date_gmt":"2025-09-08T12:54:42","guid":{"rendered":"https:\/\/www.egemtv.com\/?p=53502"},"modified":"2025-09-08T15:54:43","modified_gmt":"2025-09-08T12:54:43","slug":"izmirde-yeni-egitim-yili-yesil-vatani-korumak-temali-ilk-dersle-basladi","status":"publish","type":"post","link":"https:\/\/www.egemtv.com\/?p=53502","title":{"rendered":"\u0130zmir\u2019de yeni e\u011fitim y\u0131l\u0131 \u2019Ye\u015fil Vatan\u0131 Korumak\u2019 temal\u0131 ilk dersle ba\u015flad\u0131"},"content":{"rendered":"<p>Milli E\u011fitim Bakanl\u0131\u011f\u0131\u2019na (MEB) ba\u011fl\u0131 ilk ve orta\u00f6\u011fretim kurumlar\u0131nda 2025-2026 e\u011fitim \u00f6\u011fretim y\u0131l\u0131, &#8220;Orman Yang\u0131nlar\u0131na Kar\u015f\u0131 Ye\u015fil Vatan\u0131 Korumak&#8221; temal\u0131 ilk dersle ba\u015flad\u0131. \u0130zmir genelinde yakla\u015f\u0131k 850 bin \u00f6\u011frenci ders ba\u015f\u0131 yapt\u0131.<br \/>\n<br \/>Yeni e\u011fitim y\u0131l\u0131 a\u00e7\u0131l\u0131\u015f program\u0131 Alia\u011fa 100. Y\u0131l Ortaokulu\u2019nda ger\u00e7ekle\u015ftirildi. Programa \u0130zmir Vali Yard\u0131mc\u0131s\u0131 Erhan Karahan yan\u0131 s\u0131ra, Alia\u011fa Kaymakam\u0131 Zekeriya G\u00fcney, Alia\u011fa Belediye Ba\u015fkan\u0131 Serkan Acar, Garnizon Komutan\u0131 Albay Ali G\u00fcler, \u0130zmir \u0130l Milli E\u011fitim M\u00fcd\u00fcr\u00fc \u00d6mer Yah\u015fi, Alia\u011fa \u0130l\u00e7e Milli E\u011fitim M\u00fcd\u00fcr\u00fc Dr. Erdo\u011fan Aky\u00fcz, Alia\u011fa \u0130l\u00e7e Emniyet M\u00fcd\u00fcr\u00fc Ahmet Can, Alia\u011fa \u0130l\u00e7e Jandarma Komutan\u0131 Binba\u015f\u0131 Yusuf Can G\u00f6kg\u00f6z, \u0130zmir Orman \u0130\u015fletme M\u00fcd\u00fcr Yard\u0131mc\u0131s\u0131 Ufuk Aydemir, IMEAK Deniz Ticaret Odas\u0131 Alia\u011fa \u015eubesi Ba\u015fkan\u0131 Adem \u015eim\u015fek, kurum m\u00fcd\u00fcrleri, meclis \u00fcyeleri, siyasi parti y\u00f6neticileri, \u00f6\u011fretmenler, \u00f6\u011frenciler ve veliler kat\u0131ld\u0131.<br \/>\n<br \/>Sayg\u0131 duru\u015fu ve \u0130stiklal Mar\u015f\u0131\u2019n\u0131n okunmas\u0131yla ba\u015flayan t\u00f6rende, okul m\u00fcd\u00fcr\u00fc Beng\u00fcl \u00d6zel\u00e7i yapt\u0131\u011f\u0131 a\u00e7\u0131l\u0131\u015f konu\u015fmas\u0131nda, &#8220;Okulumuzda 813 \u00f6\u011frenci ve 64 \u00f6\u011fretmenle nitelikli bir e\u011fitim veriyoruz. Yeni d\u00f6nemde de \u00f6\u011frencilerimizin ba\u015far\u0131 ve geli\u015fimlerini desteklemek i\u00e7in t\u00fcm imk\u00e2nlar\u0131m\u0131zla \u00e7al\u0131\u015faca\u011f\u0131z&#8221; ifadelerini kulland\u0131.<\/p>\n<p>\u0130l Milli E\u011fitim M\u00fcd\u00fcr\u00fc \u00d6mer Yah\u015fi: &#8220;Fidanlar\u0131m\u0131z gelece\u011fimize nefes olacak&#8221;<br \/>\n<br \/>\u0130zmir \u0130l Milli E\u011fitim M\u00fcd\u00fcr\u00fc \u00d6mer Yah\u015fi, konu\u015fmas\u0131nda, 2025-2026 e\u011fitim \u00f6\u011fretim y\u0131l\u0131n\u0131n \u0130zmir\u2019e ve T\u00fcrkiye\u2019ye hay\u0131rl\u0131 olmas\u0131n\u0131 temenni ederek, e\u011fitimde daha ye\u015fil bir gelecek i\u00e7in ba\u015flat\u0131lan projeye b\u00fcy\u00fck \u00f6nem verdiklerini belirtti. Yah\u015fi, &#8220;Bug\u00fcn, sadece \u00f6\u011frencilerimize ders vermekle kalm\u0131yor ayn\u0131 zamanda onlara do\u011fan\u0131n, tabiat\u0131n, ye\u015filin, a\u011fac\u0131n ve topra\u011f\u0131n de\u011ferini a\u015f\u0131l\u0131yoruz. Fidanlar, bizim gelece\u011fimize nefes olacak.&#8221; dedi.<br \/>\n<br \/>Yeni e\u011fitim y\u0131l\u0131n\u0131, fidanlarla bulu\u015fturduklar\u0131 p\u0131rlanta gibi \u00f6\u011frencilerle ba\u015flatt\u0131klar\u0131n\u0131 s\u00f6yleyen Yah\u015fi, Orman B\u00f6lge M\u00fcd\u00fcrl\u00fc\u011f\u00fc ve Say\u0131n Bakan Yusuf Tekin\u2019in talimatlar\u0131yla \u0130zmir\u2019de 850 bin \u00f6\u011frenciye fidan verilece\u011fini a\u00e7\u0131klad\u0131. Bu y\u0131l ve ge\u00e7en y\u0131l ya\u015fanan yang\u0131n felaketlerinin ard\u0131ndan, &#8220;Ye\u015fil vatan&#8221; temas\u0131n\u0131n daha da anlaml\u0131 hale geldi\u011fini ifade eden Yah\u015fi, \u00f6\u011frencilerinin \u00e7evre bilincini kazanmalar\u0131n\u0131n \u00e7ok \u00f6nemli oldu\u011funu vurgulad\u0131.<br \/>\n<br \/>Yeni e\u011fitim \u00f6\u011fretim y\u0131l\u0131nda \u0130zmir genelinde 62 yeni okulun hizmete sunuldu\u011funu belirten Yah\u015fi, &#8220;Tam g\u00fcn e\u011fitim verilen, 26-28 ki\u015filik s\u0131n\u0131flarda, hijyenik ve donan\u0131ml\u0131 okullar\u0131m\u0131zda \u00f6\u011frencilerimizi a\u011f\u0131rl\u0131yoruz. Bu, \u00f6zlenen e\u011fitim kalitesinin somut g\u00f6stergesidir. Ayr\u0131ca temizlik hizmetlerinde g\u00f6rev yapmak \u00fczere 3.400 personel g\u00f6revlendirildi&#8221; \u015feklinde konu\u015ftu. Ayr\u0131ca, okullarda kaliteyi art\u0131ran temizlik, g\u00fcvenlik ve e\u011fitim altyap\u0131s\u0131n\u0131n g\u00fc\u00e7lendirildi\u011fini belirten Yah\u015fi, \u00f6\u011frencilerin en iyi e\u011fitim ko\u015fullar\u0131na sahip olaca\u011f\u0131n\u0131 s\u00f6zlerine ekledi.<\/p>\n<p>\u0130zmir Vali Yard\u0131mc\u0131s\u0131 Erhan Karahan: &#8220;E\u011fitimdeki ba\u015far\u0131, hepimizin ortak gayesi&#8221;<br \/>\n<br \/>\u0130zmir Vali Yard\u0131mc\u0131s\u0131 Erhan Karahan, a\u00e7\u0131l\u0131\u015f konu\u015fmas\u0131nda, \u0130zmir\u2019deki \u015fehit polisler i\u00e7in ba\u015fsa\u011fl\u0131\u011f\u0131 dileyerek s\u00f6zlerine ba\u015flad\u0131. &#8220;Bu elim hadise nedeniyle, Say\u0131n Valimizin selamlar\u0131n\u0131 ve iyi niyet dileklerini sizlere iletmek istiyorum&#8221; diyen, Karahan, \u0130zmir\u2019deki e\u011fitim altyap\u0131s\u0131n\u0131n haz\u0131rlanmas\u0131 i\u00e7in y\u00fcr\u00fct\u00fclen \u00e7al\u0131\u015fmalar hakk\u0131nda detayl\u0131 bilgi verdi. Karahan, &#8220;Yaz tatili boyunca, \u00f6\u011frencilerimiz tatil yaparken, bizler okullar\u0131n fiziki durumlar\u0131n\u0131 iyile\u015ftirmek i\u00e7in gece g\u00fcnd\u00fcz \u00e7al\u0131\u015ft\u0131k,&#8221; diyerek, okul servisleri, yurtlar ve dersliklerin hijyenine kadar her detay\u0131n titizlikle g\u00f6zden ge\u00e7irildi\u011fini belirtti.<br \/>\n<br \/>&#8220;Bug\u00fcn burada, e\u011fitimde b\u00fcy\u00fck bir sevin\u00e7 ve ayn\u0131 zamanda tela\u015f i\u00e7erisinde bulunuyoruz,&#8221; diyen Karahan, e\u011fitimdeki ba\u015far\u0131n\u0131n, t\u00fcm payda\u015flar\u0131n ortak gayesi oldu\u011funu vurgulad\u0131. Velilere ve \u00f6\u011fretmenlere olan te\u015fekk\u00fcrlerini ileten Karahan, &#8220;E\u011fitimdeki ba\u015far\u0131, sizlerin deste\u011fiyle m\u00fcmk\u00fcn oluyor. Hep birlikte, daha ayd\u0131nl\u0131k yar\u0131nlara ula\u015fmak i\u00e7in \u00e7al\u0131\u015f\u0131yoruz&#8221; dedi.<\/p>\n<p>Fidan dikimi ve \u00f6\u011frencilerle bulu\u015fma<br \/>\n<br \/>Konu\u015fmalar\u0131n ard\u0131ndan protokol \u00fcyeleri, \u00f6\u011frencilerle birlikte yeni e\u011fitim y\u0131l\u0131n\u0131n ilk ders zilini \u00e7ald\u0131. Ard\u0131ndan okul bah\u00e7esine fidan dikimi ger\u00e7ekle\u015ftirildi. Protokol \u00fcyeleri s\u0131n\u0131flar\u0131 ziyaret ederek \u00f6\u011frencilere fidan ve \u00e7e\u015fitli hediyeler takdim etti. Program, \u0130l Milli E\u011fitim M\u00fcd\u00fcr\u00fc \u00d6mer Yah\u015fi ve Vali Yard\u0131mc\u0131s\u0131 Erhan Karahan\u2019\u0131n \u00f6\u011fretmenler odas\u0131nda \u00f6\u011fretmenlerle yapt\u0131\u011f\u0131 sohbetle sona erdi.<br \/><\/p>\n","protected":false},"excerpt":{"rendered":"<p>Milli E\u011fitim Bakanl\u0131\u011f\u0131\u2019na (MEB) ba\u011fl\u0131 ilk ve orta\u00f6\u011fretim kurumlar\u0131nda 2025-2026 e\u011fitim \u00f6\u011fretim y\u0131l\u0131, &#8220;Orman Yang\u0131nlar\u0131na Kar\u015f\u0131 Ye\u015fil Vatan\u0131 Korumak&#8221; temal\u0131 ilk dersle ba\u015flad\u0131. \u0130zmir genelinde yakla\u015f\u0131k 850 bin \u00f6\u011frenci ders ba\u015f\u0131 yapt\u0131. Yeni e\u011fitim y\u0131l\u0131 a\u00e7\u0131l\u0131\u015f program\u0131 Alia\u011fa 100. Y\u0131l Ortaokulu\u2019nda ger\u00e7ekle\u015ftirildi. Programa \u0130zmir Vali Yard\u0131mc\u0131s\u0131 Erhan Karahan yan\u0131 s\u0131ra, Alia\u011fa Kaymakam\u0131 Zekeriya G\u00fcney, Alia\u011fa&#8230;<\/p>\n","protected":false},"author":1,"featured_media":53503,"comment_status":"open","ping_status":"open","sticky":false,"template":"","format":"standard","meta":{"_crdt_document":"","footnotes":""},"categories":[1],"tags":[],"class_list":["post-53502","post","type-post","status-publish","format-standard","has-post-thumbnail","hentry","category-guncel"],"_links":{"self":[{"href":"https:\/\/www.egemtv.com\/index.php?rest_route=\/wp\/v2\/posts\/53502","targetHints":{"allow":["GET"]}}],"collection":[{"href":"https:\/\/www.egemtv.com\/index.php?rest_route=\/wp\/v2\/posts"}],"about":[{"href":"https:\/\/www.egemtv.com\/index.php?rest_route=\/wp\/v2\/types\/post"}],"author":[{"embeddable":true,"href":"https:\/\/www.egemtv.com\/index.php?rest_route=\/wp\/v2\/users\/1"}],"replies":[{"embeddable":true,"href":"https:\/\/www.egemtv.com\/index.php?rest_route=%2Fwp%2Fv2%2Fcomments&post=53502"}],"version-history":[{"count":1,"href":"https:\/\/www.egemtv.com\/index.php?rest_route=\/wp\/v2\/posts\/53502\/revisions"}],"predecessor-version":[{"id":53504,"href":"https:\/\/www.egemtv.com\/index.php?rest_route=\/wp\/v2\/posts\/53502\/revisions\/53504"}],"wp:featuredmedia":[{"embeddable":true,"href":"https:\/\/www.egemtv.com\/index.php?rest_route=\/wp\/v2\/media\/53503"}],"wp:attachment":[{"href":"https:\/\/www.egemtv.com\/index.php?rest_route=%2Fwp%2Fv2%2Fmedia&parent=53502"}],"wp:term":[{"taxonomy":"category","embeddable":true,"href":"https:\/\/www.egemtv.com\/index.php?rest_route=%2Fwp%2Fv2%2Fcategories&post=53502"},{"taxonomy":"post_tag","embeddable":true,"href":"https:\/\/www.egemtv.com\/index.php?rest_route=%2Fwp%2Fv2%2Ftags&post=53502"}],"curies":[{"name":"wp","href":"https:\/\/api.w.org\/{rel}","templated":true}]}}