{"id":53499,"date":"2025-09-08T15:15:12","date_gmt":"2025-09-08T12:15:12","guid":{"rendered":"https:\/\/www.egemtv.com\/?p=53499"},"modified":"2025-09-08T15:15:13","modified_gmt":"2025-09-08T12:15:13","slug":"sokede-iki-yeni-okul-binasi-yeni-donem-ile-birlikte-egitime-basladi","status":"publish","type":"post","link":"https:\/\/www.egemtv.com\/?p=53499","title":{"rendered":"S\u00f6ke\u2019de iki yeni okul binas\u0131 yeni d\u00f6nem ile birlikte e\u011fitime ba\u015flad\u0131"},"content":{"rendered":"<p>Ayd\u0131n\u2019\u0131n S\u00f6ke il\u00e7esinde yap\u0131m\u0131 tamamlanan iki yeni okul binas\u0131, 2025-2026 e\u011fitim \u00f6\u011fretim y\u0131l\u0131n\u0131n ba\u015flamas\u0131 ile birlikte kap\u0131lar\u0131n\u0131 \u00f6\u011frencilerine ilk kez a\u00e7t\u0131.<\/p>\n<p>24 s\u0131n\u0131fl\u0131 Ba\u011faras\u0131 \u00c7ok Programl\u0131 Lisesi 166 \u00f6\u011frenci ile e\u011fitime ba\u015flarken; okulda bir m\u00fcd\u00fcr, iki m\u00fcd\u00fcr yard\u0131mc\u0131s\u0131 ve 23 \u00f6\u011fretmen g\u00f6rev yap\u0131yor. Yeni binada \u00f6n\u00fcm\u00fczdeki y\u0131llarda \u00f6\u011frenci say\u0131s\u0131n\u0131n artaca\u011f\u0131 ifade ediliyor.<br \/>\n<br \/>Di\u011fer taraftan S\u00f6ke\u2019nin merkez \u00c7eltik\u00e7i Mahallesi\u2019nde T\u00fcrkiye Odalar ve Borsalar Birli\u011fi (TOBB) taraf\u0131ndan yapt\u0131r\u0131lan 12 s\u0131n\u0131fl\u0131 anaokulu binas\u0131nda da ilk kez ders zili \u00e7ald\u0131. 117 \u00f6\u011frencinin e\u011fitim almaya ba\u015flad\u0131\u011f\u0131 yeni anaokulu binas\u0131nda bir m\u00fcd\u00fcr ve 5 \u00f6\u011fretmenin g\u00f6rev yapt\u0131\u011f\u0131 \u00f6\u011frenildi. Bu binada da \u00f6n\u00fcm\u00fczdeki s\u00fcre\u00e7te \u00f6\u011frenci say\u0131s\u0131n\u0131n artaca\u011f\u0131 belirtildi.<\/p>\n<p>S\u00f6ke\u2019nin planland\u0131\u011f\u0131 \u015fekilde yeni e\u011fitim-\u00f6\u011fretim binalar\u0131na kavu\u015ftu\u011funu belirten S\u00f6ke \u0130l\u00e7e Milli E\u011fitim M\u00fcd\u00fcr\u00fc \u015eerafettin Yap\u0131c\u0131; &#8220;Yeni ve modern binalarda e\u011fitim kalitesi de daha da artacakt\u0131r. \u0130l\u00e7emizde \u00f6mr\u00fcn\u00fc yitirmi\u015f okul binalar\u0131m\u0131z yerine, yeni binalar\u0131n yap\u0131m\u0131 ve yeni yat\u0131r\u0131mlar devam ediyor&#8221; dedi.<br \/><\/p>\n","protected":false},"excerpt":{"rendered":"<p>Ayd\u0131n\u2019\u0131n S\u00f6ke il\u00e7esinde yap\u0131m\u0131 tamamlanan iki yeni okul binas\u0131, 2025-2026 e\u011fitim \u00f6\u011fretim y\u0131l\u0131n\u0131n ba\u015flamas\u0131 ile birlikte kap\u0131lar\u0131n\u0131 \u00f6\u011frencilerine ilk kez a\u00e7t\u0131. 24 s\u0131n\u0131fl\u0131 Ba\u011faras\u0131 \u00c7ok Programl\u0131 Lisesi 166 \u00f6\u011frenci ile e\u011fitime ba\u015flarken; okulda bir m\u00fcd\u00fcr, iki m\u00fcd\u00fcr yard\u0131mc\u0131s\u0131 ve 23 \u00f6\u011fretmen g\u00f6rev yap\u0131yor. Yeni binada \u00f6n\u00fcm\u00fczdeki y\u0131llarda \u00f6\u011frenci say\u0131s\u0131n\u0131n artaca\u011f\u0131 ifade ediliyor. Di\u011fer taraftan S\u00f6ke\u2019nin&#8230;<\/p>\n","protected":false},"author":1,"featured_media":53500,"comment_status":"open","ping_status":"open","sticky":false,"template":"","format":"standard","meta":{"_crdt_document":"","footnotes":""},"categories":[1],"tags":[],"class_list":["post-53499","post","type-post","status-publish","format-standard","has-post-thumbnail","hentry","category-guncel"],"_links":{"self":[{"href":"https:\/\/www.egemtv.com\/index.php?rest_route=\/wp\/v2\/posts\/53499","targetHints":{"allow":["GET"]}}],"collection":[{"href":"https:\/\/www.egemtv.com\/index.php?rest_route=\/wp\/v2\/posts"}],"about":[{"href":"https:\/\/www.egemtv.com\/index.php?rest_route=\/wp\/v2\/types\/post"}],"author":[{"embeddable":true,"href":"https:\/\/www.egemtv.com\/index.php?rest_route=\/wp\/v2\/users\/1"}],"replies":[{"embeddable":true,"href":"https:\/\/www.egemtv.com\/index.php?rest_route=%2Fwp%2Fv2%2Fcomments&post=53499"}],"version-history":[{"count":1,"href":"https:\/\/www.egemtv.com\/index.php?rest_route=\/wp\/v2\/posts\/53499\/revisions"}],"predecessor-version":[{"id":53501,"href":"https:\/\/www.egemtv.com\/index.php?rest_route=\/wp\/v2\/posts\/53499\/revisions\/53501"}],"wp:featuredmedia":[{"embeddable":true,"href":"https:\/\/www.egemtv.com\/index.php?rest_route=\/wp\/v2\/media\/53500"}],"wp:attachment":[{"href":"https:\/\/www.egemtv.com\/index.php?rest_route=%2Fwp%2Fv2%2Fmedia&parent=53499"}],"wp:term":[{"taxonomy":"category","embeddable":true,"href":"https:\/\/www.egemtv.com\/index.php?rest_route=%2Fwp%2Fv2%2Fcategories&post=53499"},{"taxonomy":"post_tag","embeddable":true,"href":"https:\/\/www.egemtv.com\/index.php?rest_route=%2Fwp%2Fv2%2Ftags&post=53499"}],"curies":[{"name":"wp","href":"https:\/\/api.w.org\/{rel}","templated":true}]}}