{"id":53496,"date":"2025-09-08T15:15:11","date_gmt":"2025-09-08T12:15:11","guid":{"rendered":"https:\/\/www.egemtv.com\/?p=53496"},"modified":"2025-09-08T15:15:12","modified_gmt":"2025-09-08T12:15:12","slug":"saldirinin-oldugu-sokak-turk-bayraklariyla-donatildi","status":"publish","type":"post","link":"https:\/\/www.egemtv.com\/?p=53496","title":{"rendered":"Sald\u0131r\u0131n\u0131n oldu\u011fu sokak T\u00fcrk bayraklar\u0131yla donat\u0131ld\u0131"},"content":{"rendered":"<p>\u0130zmir\u2019in Bal\u00e7ova il\u00e7esinde 1. S\u0131n\u0131f Emniyet M\u00fcd\u00fcr\u00fc Polis Ba\u015fm\u00fcfetti\u015fi Muhsin Aydemir ile 1 polis memurunu \u015fehit edildi\u011fi, 2 polis memurunun yaraland\u0131\u011f\u0131 olay\u0131n ard\u0131ndan, polis merkezinin bulundu\u011fu Fethi Bey Soka\u011f\u0131 vatanda\u015flar taraf\u0131ndan T\u00fcrk bayraklar\u0131 ile donat\u0131ld\u0131.<br \/>\n<br \/>Sald\u0131r\u0131 bu sabah saat 09.50 s\u0131ralar\u0131nda meydana geldi. Edinilen bilgiye g\u00f6re, E.B. isimli 16 ya\u015f\u0131ndaki bir sald\u0131rgan, evinden temin etti\u011fi babas\u0131na ait pompal\u0131 t\u00fcfek ile \u015eehit Salih \u0130\u015fg\u00f6ren Polis Merkezi \u00f6n\u00fcne geldi. Sald\u0131rgan\u0131n a\u00e7t\u0131\u011f\u0131 ate\u015f sonucu 1. S\u0131n\u0131f Emniyet M\u00fcd\u00fcr\u00fc Polis Ba\u015fm\u00fcfetti\u015fi Muhsin Aydemir ile Polis Memuru Hasan Ak\u0131n \u015fehit oldu, polis memurlar\u0131 \u00d6mer Amila\u011f ile Murat Da\u011fl\u0131 yaraland\u0131. Olay\u0131n \u015f\u00fcphelisi E.B. de yaral\u0131 olarak k\u0131sk\u0131vrak yakaland\u0131.<\/p>\n<p>Vatanda\u015flardan sald\u0131r\u0131ya bayrakl\u0131 tepki<br \/>\n<br \/>Sald\u0131r\u0131ya u\u011frayan \u015eehit Salih \u0130\u015fg\u00f6ren Polis Merkezinin bulundu\u011fu \u00c7etin Eme\u00e7 Mahallesi Fethi Bey Soka\u011f\u0131 vatanda\u015flar taraf\u0131ndan T\u00fcrk bayraklar\u0131 ile donat\u0131ld\u0131. Sald\u0131r\u0131da \u015fehit d\u00fc\u015fen Emniyet mensuplar\u0131 ve yaral\u0131 polis memurlar\u0131 sebebiyle b\u00fcy\u00fck \u00fcz\u00fcnt\u00fc ya\u015fayan sokak sakinleri, evlerine T\u00fcrk bayraklar\u0131 asarak sald\u0131r\u0131ya tepki g\u00f6sterdi.<\/p>\n<p>Sald\u0131rgan\u0131n tedavisi s\u00fcr\u00fcyor<br \/>\n<br \/>\u00d6te yandan, sald\u0131r\u0131y\u0131 ger\u00e7ekle\u015ftiren E.B. polis taraf\u0131ndan ate\u015f edilerek yaral\u0131 halde yakalanm\u0131\u015f ve Alsancak Devlet Hastanesine kald\u0131r\u0131lm\u0131\u015ft\u0131. Yaral\u0131 sald\u0131rgan\u0131n tedavisinin devam etti\u011fi \u00f6\u011frenildi. Sald\u0131rgan E.B.\u2019nin Bal\u00e7ova Nevvar Salih \u0130\u015fg\u00f6ren Lisesinde e\u011fitim \u00f6\u011fretim g\u00f6rd\u00fc\u011f\u00fc bildirildi.<\/p>\n<p>Soru\u015fturma i\u00e7in 2 ba\u015fsavc\u0131vekili ve 6 savc\u0131 g\u00f6revlendirildi<br \/>\n<br \/>Y\u00fcr\u00fct\u00fclen soru\u015fturma ile ilgili \u0130zmir Cumhuriyet Ba\u015fsavc\u0131l\u0131\u011f\u0131ndan a\u00e7\u0131klama yap\u0131ld\u0131. Sald\u0131r\u0131 ile ilgili 2 Cumhuriyet Ba\u015fsavc\u0131vekili ile 6 Cumhuriyet Savc\u0131s\u0131 g\u00f6revlendirildi\u011fi belirtilen a\u00e7\u0131klamada, Cumhuriyet Ba\u015fsavc\u0131l\u0131\u011f\u0131n\u0131n talebi \u00fczerine \u0130zmir 5. Sulh Ceza Hakimli\u011fi taraf\u0131ndan yay\u0131n yasa\u011f\u0131 konulmas\u0131na karar verildi\u011fi, soru\u015fturman\u0131n \u00e7ok y\u00f6nl\u00fc ve titizlikle y\u00fcr\u00fct\u00fcld\u00fc\u011f\u00fc iletildi.<br \/><\/p>\n","protected":false},"excerpt":{"rendered":"<p>\u0130zmir\u2019in Bal\u00e7ova il\u00e7esinde 1. S\u0131n\u0131f Emniyet M\u00fcd\u00fcr\u00fc Polis Ba\u015fm\u00fcfetti\u015fi Muhsin Aydemir ile 1 polis memurunu \u015fehit edildi\u011fi, 2 polis memurunun yaraland\u0131\u011f\u0131 olay\u0131n ard\u0131ndan, polis merkezinin bulundu\u011fu Fethi Bey Soka\u011f\u0131 vatanda\u015flar taraf\u0131ndan T\u00fcrk bayraklar\u0131 ile donat\u0131ld\u0131. Sald\u0131r\u0131 bu sabah saat 09.50 s\u0131ralar\u0131nda meydana geldi. Edinilen bilgiye g\u00f6re, E.B. isimli 16 ya\u015f\u0131ndaki bir sald\u0131rgan, evinden temin etti\u011fi&#8230;<\/p>\n","protected":false},"author":1,"featured_media":53497,"comment_status":"open","ping_status":"open","sticky":false,"template":"","format":"standard","meta":{"_crdt_document":"","footnotes":""},"categories":[5],"tags":[],"class_list":["post-53496","post","type-post","status-publish","format-standard","has-post-thumbnail","hentry","category-asayis"],"_links":{"self":[{"href":"https:\/\/www.egemtv.com\/index.php?rest_route=\/wp\/v2\/posts\/53496","targetHints":{"allow":["GET"]}}],"collection":[{"href":"https:\/\/www.egemtv.com\/index.php?rest_route=\/wp\/v2\/posts"}],"about":[{"href":"https:\/\/www.egemtv.com\/index.php?rest_route=\/wp\/v2\/types\/post"}],"author":[{"embeddable":true,"href":"https:\/\/www.egemtv.com\/index.php?rest_route=\/wp\/v2\/users\/1"}],"replies":[{"embeddable":true,"href":"https:\/\/www.egemtv.com\/index.php?rest_route=%2Fwp%2Fv2%2Fcomments&post=53496"}],"version-history":[{"count":1,"href":"https:\/\/www.egemtv.com\/index.php?rest_route=\/wp\/v2\/posts\/53496\/revisions"}],"predecessor-version":[{"id":53498,"href":"https:\/\/www.egemtv.com\/index.php?rest_route=\/wp\/v2\/posts\/53496\/revisions\/53498"}],"wp:featuredmedia":[{"embeddable":true,"href":"https:\/\/www.egemtv.com\/index.php?rest_route=\/wp\/v2\/media\/53497"}],"wp:attachment":[{"href":"https:\/\/www.egemtv.com\/index.php?rest_route=%2Fwp%2Fv2%2Fmedia&parent=53496"}],"wp:term":[{"taxonomy":"category","embeddable":true,"href":"https:\/\/www.egemtv.com\/index.php?rest_route=%2Fwp%2Fv2%2Fcategories&post=53496"},{"taxonomy":"post_tag","embeddable":true,"href":"https:\/\/www.egemtv.com\/index.php?rest_route=%2Fwp%2Fv2%2Ftags&post=53496"}],"curies":[{"name":"wp","href":"https:\/\/api.w.org\/{rel}","templated":true}]}}