{"id":53493,"date":"2025-09-08T14:55:05","date_gmt":"2025-09-08T11:55:05","guid":{"rendered":"https:\/\/www.egemtv.com\/?p=53493"},"modified":"2025-09-08T14:55:06","modified_gmt":"2025-09-08T11:55:06","slug":"aydin-buyuksehirden-ogrencilere-okul-cantasi","status":"publish","type":"post","link":"https:\/\/www.egemtv.com\/?p=53493","title":{"rendered":"Ayd\u0131n B\u00fcy\u00fck\u015fehir\u2019den \u00f6\u011frencilere okul \u00e7antas\u0131"},"content":{"rendered":"<p>Ayd\u0131n B\u00fcy\u00fck\u015fehir Belediyesi, 2025-2026 e\u011fitim-\u00f6\u011fretim y\u0131l\u0131n\u0131n ba\u015flamas\u0131 dolay\u0131s\u0131yla Umurlu Kocag\u00fcr \u0130lkokulu ve Ortaokulu\u2019nda d\u00fczenlenen etkinlikte \u00f6\u011frencilere okul \u00e7antas\u0131 ve \u00e7e\u015fitli hediyeler verildi.<\/p>\n<p>Etkinlik kapsam\u0131nda \u00f6\u011frencilere B\u00fcy\u00fck\u015fehir Belediyesi taraf\u0131ndan haz\u0131rlanan okul \u00e7antalar\u0131 hediye edilirken, \u00e7ocuklara \u00e7e\u015fitli ikramlarda da bulunuldu. Ba\u015fkan \u00c7er\u00e7io\u011flu, yeni e\u011fitim y\u0131l\u0131n\u0131n \u00f6\u011frenciler i\u00e7in sa\u011fl\u0131k, ba\u015far\u0131 ve mutluluk getirmesini dileyerek, &#8220;2025-2026 e\u011fitim \u00f6\u011fretim y\u0131l\u0131nda \u00f6\u011frencilerimiz, \u00f6\u011fretmenlerimiz ve velilerimiz i\u00e7in g\u00fczel, ba\u015far\u0131l\u0131, verimli bir d\u00f6nem ge\u00e7mesini diliyorum&#8221; mesaj\u0131n\u0131 payla\u015ft\u0131. Veliler, \u00f6\u011frencilerin doyas\u0131ya e\u011flendi\u011fi etkinlik nedeniyle Ba\u015fkan \u00c7er\u00e7io\u011flu\u2019na te\u015fekk\u00fcr etti.<\/p>\n<p>Etkinli\u011fe Ayd\u0131n B\u00fcy\u00fck\u015fehir Belediye Ba\u015fkan\u0131 \u00d6zlem \u00c7er\u00e7io\u011flu kat\u0131ld\u0131. Ba\u015fkan \u00c7er\u00e7io\u011flu\u2019na AK Parti Ayd\u0131n Milletvekilleri Seda Sar\u0131ba\u015f ve \u00d6mer \u00d6zmen, AK Parti Ayd\u0131n \u0130l Kad\u0131n Kollar\u0131 Ba\u015fkan\u0131 \u015eahika Edremit ve AK Parti Efeler \u0130l\u00e7e Ba\u015fkan\u0131 O\u011fuz Kendirlio\u011flu e\u015flik etti.<br \/><\/p>\n","protected":false},"excerpt":{"rendered":"<p>Ayd\u0131n B\u00fcy\u00fck\u015fehir Belediyesi, 2025-2026 e\u011fitim-\u00f6\u011fretim y\u0131l\u0131n\u0131n ba\u015flamas\u0131 dolay\u0131s\u0131yla Umurlu Kocag\u00fcr \u0130lkokulu ve Ortaokulu\u2019nda d\u00fczenlenen etkinlikte \u00f6\u011frencilere okul \u00e7antas\u0131 ve \u00e7e\u015fitli hediyeler verildi. Etkinlik kapsam\u0131nda \u00f6\u011frencilere B\u00fcy\u00fck\u015fehir Belediyesi taraf\u0131ndan haz\u0131rlanan okul \u00e7antalar\u0131 hediye edilirken, \u00e7ocuklara \u00e7e\u015fitli ikramlarda da bulunuldu. Ba\u015fkan \u00c7er\u00e7io\u011flu, yeni e\u011fitim y\u0131l\u0131n\u0131n \u00f6\u011frenciler i\u00e7in sa\u011fl\u0131k, ba\u015far\u0131 ve mutluluk getirmesini dileyerek, &#8220;2025-2026 e\u011fitim \u00f6\u011fretim y\u0131l\u0131nda&#8230;<\/p>\n","protected":false},"author":1,"featured_media":53494,"comment_status":"open","ping_status":"open","sticky":false,"template":"","format":"standard","meta":{"_crdt_document":"","footnotes":""},"categories":[1],"tags":[],"class_list":["post-53493","post","type-post","status-publish","format-standard","has-post-thumbnail","hentry","category-guncel"],"_links":{"self":[{"href":"https:\/\/www.egemtv.com\/index.php?rest_route=\/wp\/v2\/posts\/53493","targetHints":{"allow":["GET"]}}],"collection":[{"href":"https:\/\/www.egemtv.com\/index.php?rest_route=\/wp\/v2\/posts"}],"about":[{"href":"https:\/\/www.egemtv.com\/index.php?rest_route=\/wp\/v2\/types\/post"}],"author":[{"embeddable":true,"href":"https:\/\/www.egemtv.com\/index.php?rest_route=\/wp\/v2\/users\/1"}],"replies":[{"embeddable":true,"href":"https:\/\/www.egemtv.com\/index.php?rest_route=%2Fwp%2Fv2%2Fcomments&post=53493"}],"version-history":[{"count":1,"href":"https:\/\/www.egemtv.com\/index.php?rest_route=\/wp\/v2\/posts\/53493\/revisions"}],"predecessor-version":[{"id":53495,"href":"https:\/\/www.egemtv.com\/index.php?rest_route=\/wp\/v2\/posts\/53493\/revisions\/53495"}],"wp:featuredmedia":[{"embeddable":true,"href":"https:\/\/www.egemtv.com\/index.php?rest_route=\/wp\/v2\/media\/53494"}],"wp:attachment":[{"href":"https:\/\/www.egemtv.com\/index.php?rest_route=%2Fwp%2Fv2%2Fmedia&parent=53493"}],"wp:term":[{"taxonomy":"category","embeddable":true,"href":"https:\/\/www.egemtv.com\/index.php?rest_route=%2Fwp%2Fv2%2Fcategories&post=53493"},{"taxonomy":"post_tag","embeddable":true,"href":"https:\/\/www.egemtv.com\/index.php?rest_route=%2Fwp%2Fv2%2Ftags&post=53493"}],"curies":[{"name":"wp","href":"https:\/\/api.w.org\/{rel}","templated":true}]}}