{"id":53421,"date":"2025-09-08T11:34:50","date_gmt":"2025-09-08T08:34:50","guid":{"rendered":"https:\/\/www.egemtv.com\/?p=53421"},"modified":"2025-09-08T11:34:51","modified_gmt":"2025-09-08T08:34:51","slug":"baskan-ozel-cocuklarimizin-her-zaman-yanindayiz","status":"publish","type":"post","link":"https:\/\/www.egemtv.com\/?p=53421","title":{"rendered":"Ba\u015fkan \u00d6zel: &#8220;\u00c7ocuklar\u0131m\u0131z\u0131n her zaman yan\u0131nday\u0131z&#8221;"},"content":{"rendered":"<p>Bozdo\u011fan Belediye Ba\u015fkan\u0131 Mustafa Galip \u00d6zel 2025-2026 e\u011fitim ve \u00f6\u011fretim y\u0131l\u0131n\u0131n ba\u015flamas\u0131 dolay\u0131s\u0131yla yay\u0131nlad\u0131\u011f\u0131 mesaj\u0131nda, &#8220;Ba\u015far\u0131, azim ve emekle gelece\u011fimizi in\u015fa edecek olan \u00e7ocuklar\u0131m\u0131z\u0131n her daim yan\u0131nday\u0131z&#8221; dedi.<\/p>\n<p>Ba\u015fkan \u00d6zel mesaj\u0131nda, \u00f6\u011frencilerimize, \u00f6\u011fretmenlerimize ve velilerimize yeni e\u011fitim-\u00f6\u011fretim y\u0131l\u0131n\u0131n hay\u0131rl\u0131 olmas\u0131n\u0131 dileyerek, &#8220;Sevgili \u00f6\u011frencilerimize, k\u0131ymetli \u00f6\u011fretmenlerimize ve velilerimize yeni e\u011fitim-\u00f6\u011fretim y\u0131l\u0131n\u0131n hay\u0131rl\u0131 olmas\u0131n\u0131 diliyorum. Ba\u015far\u0131, azim ve emekle gelece\u011fimizi in\u015fa edecek olan \u00e7ocuklar\u0131m\u0131z\u0131n her daim yan\u0131nday\u0131z. T\u00fcm \u00f6\u011fretmen ve \u00f6\u011frencilerimize sa\u011fl\u0131k, mutluluk ve ba\u015far\u0131larla dolu bir y\u0131l temenni ediyorum. Gelece\u011fimizin teminat\u0131 \u00e7ocuklar\u0131m\u0131z\u0131n yan\u0131nda olmaya devam edece\u011fiz. E\u011fitim camias\u0131na olan deste\u011fimiz, gelece\u011fe yat\u0131r\u0131m anlay\u0131\u015f\u0131m\u0131z\u0131n temelini olu\u015fturmaktad\u0131r&#8221; diyerek s\u00f6zlerini tamamlad\u0131.<br \/><\/p>\n","protected":false},"excerpt":{"rendered":"<p>Bozdo\u011fan Belediye Ba\u015fkan\u0131 Mustafa Galip \u00d6zel 2025-2026 e\u011fitim ve \u00f6\u011fretim y\u0131l\u0131n\u0131n ba\u015flamas\u0131 dolay\u0131s\u0131yla yay\u0131nlad\u0131\u011f\u0131 mesaj\u0131nda, &#8220;Ba\u015far\u0131, azim ve emekle gelece\u011fimizi in\u015fa edecek olan \u00e7ocuklar\u0131m\u0131z\u0131n her daim yan\u0131nday\u0131z&#8221; dedi. Ba\u015fkan \u00d6zel mesaj\u0131nda, \u00f6\u011frencilerimize, \u00f6\u011fretmenlerimize ve velilerimize yeni e\u011fitim-\u00f6\u011fretim y\u0131l\u0131n\u0131n hay\u0131rl\u0131 olmas\u0131n\u0131 dileyerek, &#8220;Sevgili \u00f6\u011frencilerimize, k\u0131ymetli \u00f6\u011fretmenlerimize ve velilerimize yeni e\u011fitim-\u00f6\u011fretim y\u0131l\u0131n\u0131n hay\u0131rl\u0131 olmas\u0131n\u0131 diliyorum. Ba\u015far\u0131, azim&#8230;<\/p>\n","protected":false},"author":1,"featured_media":53422,"comment_status":"open","ping_status":"open","sticky":false,"template":"","format":"standard","meta":{"_crdt_document":"","footnotes":""},"categories":[1],"tags":[],"class_list":["post-53421","post","type-post","status-publish","format-standard","has-post-thumbnail","hentry","category-guncel"],"_links":{"self":[{"href":"https:\/\/www.egemtv.com\/index.php?rest_route=\/wp\/v2\/posts\/53421","targetHints":{"allow":["GET"]}}],"collection":[{"href":"https:\/\/www.egemtv.com\/index.php?rest_route=\/wp\/v2\/posts"}],"about":[{"href":"https:\/\/www.egemtv.com\/index.php?rest_route=\/wp\/v2\/types\/post"}],"author":[{"embeddable":true,"href":"https:\/\/www.egemtv.com\/index.php?rest_route=\/wp\/v2\/users\/1"}],"replies":[{"embeddable":true,"href":"https:\/\/www.egemtv.com\/index.php?rest_route=%2Fwp%2Fv2%2Fcomments&post=53421"}],"version-history":[{"count":1,"href":"https:\/\/www.egemtv.com\/index.php?rest_route=\/wp\/v2\/posts\/53421\/revisions"}],"predecessor-version":[{"id":53423,"href":"https:\/\/www.egemtv.com\/index.php?rest_route=\/wp\/v2\/posts\/53421\/revisions\/53423"}],"wp:featuredmedia":[{"embeddable":true,"href":"https:\/\/www.egemtv.com\/index.php?rest_route=\/wp\/v2\/media\/53422"}],"wp:attachment":[{"href":"https:\/\/www.egemtv.com\/index.php?rest_route=%2Fwp%2Fv2%2Fmedia&parent=53421"}],"wp:term":[{"taxonomy":"category","embeddable":true,"href":"https:\/\/www.egemtv.com\/index.php?rest_route=%2Fwp%2Fv2%2Fcategories&post=53421"},{"taxonomy":"post_tag","embeddable":true,"href":"https:\/\/www.egemtv.com\/index.php?rest_route=%2Fwp%2Fv2%2Ftags&post=53421"}],"curies":[{"name":"wp","href":"https:\/\/api.w.org\/{rel}","templated":true}]}}