{"id":53418,"date":"2025-09-08T11:34:49","date_gmt":"2025-09-08T08:34:49","guid":{"rendered":"https:\/\/www.egemtv.com\/?p=53418"},"modified":"2025-09-08T11:34:50","modified_gmt":"2025-09-08T08:34:50","slug":"vali-aktas-usakta-ilk-ders-zilini-caldi","status":"publish","type":"post","link":"https:\/\/www.egemtv.com\/?p=53418","title":{"rendered":"Vali Akta\u015f, U\u015fak\u2019ta ilk ders zilini \u00e7ald\u0131"},"content":{"rendered":"<p>U\u015fak\u2019ta 2025-2026 E\u011fitim \u00d6\u011fretim Y\u0131l\u0131 \u00e7er\u00e7evesinde ilk ders zili \u00e7ald\u0131, il genelindeki 65 bin \u00f6\u011frenci ders ba\u015f\u0131 yapt\u0131. Yeni e\u011fitim y\u0131l\u0131 a\u00e7\u0131l\u0131\u015f program\u0131na kat\u0131lan U\u015fak Valisi Naci Akta\u015f ise ilk ders zilini \u00e7ald\u0131.<br \/>\n<br \/>\u00dclke genelinde oldu\u011fu gibi U\u015fak\u2019ta da yeni e\u011fitim y\u0131l\u0131 ba\u015flad\u0131. \u00d6\u011frenciler s\u0131n\u0131flar\u0131na kavu\u015fman\u0131n heyecan\u0131n\u0131 ya\u015farken, a\u00e7\u0131l\u0131\u015f program\u0131 Mehmet Sad\u0131k Boz \u0130lkokulu\u2019nda ger\u00e7ekle\u015ftirildi. Programa Vali Naci Akta\u015f\u2019\u0131n yan\u0131 s\u0131ra CHP U\u015fak Milletvekili Ali Karaoba, \u0130l Emniyet M\u00fcd\u00fcr\u00fc Mehmet Ali Kolcu, \u0130l Jandarma Komutan\u0131 K\u0131demli Albay \u00d6zg\u00fcr K\u0131l\u0131\u00e7, \u0130l Milli E\u011fitim M\u00fcd\u00fcr\u00fc Halil Y\u00fccel, U\u015fak \u00dcniversitesi Rekt\u00f6r Yard\u0131mc\u0131s\u0131 Prof. Dr. L\u00fctfi \u00d6zav ve belediye ba\u015fkan yard\u0131mc\u0131s\u0131 kat\u0131ld\u0131.<br \/>\n<br \/>\u0130lk ders zilinin Vali Akta\u015f taraf\u0131ndan \u00e7al\u0131nmas\u0131n\u0131n ard\u0131ndan fark\u0131ndal\u0131k olu\u015fturmak amac\u0131yla okul bah\u00e7esinde fidan dikildi. Protokol \u00fcyeleri, \u00f6\u011fretmen ve \u00f6\u011frencilerle sohbet ederek s\u0131n\u0131flarda vakit ge\u00e7irdi. Ard\u0131ndan okul i\u00e7inde olu\u015fturulan Oyun Odas\u0131\u2019n\u0131n a\u00e7\u0131l\u0131\u015f\u0131 yap\u0131ld\u0131.<br \/><\/p>\n","protected":false},"excerpt":{"rendered":"<p>U\u015fak\u2019ta 2025-2026 E\u011fitim \u00d6\u011fretim Y\u0131l\u0131 \u00e7er\u00e7evesinde ilk ders zili \u00e7ald\u0131, il genelindeki 65 bin \u00f6\u011frenci ders ba\u015f\u0131 yapt\u0131. Yeni e\u011fitim y\u0131l\u0131 a\u00e7\u0131l\u0131\u015f program\u0131na kat\u0131lan U\u015fak Valisi Naci Akta\u015f ise ilk ders zilini \u00e7ald\u0131. \u00dclke genelinde oldu\u011fu gibi U\u015fak\u2019ta da yeni e\u011fitim y\u0131l\u0131 ba\u015flad\u0131. \u00d6\u011frenciler s\u0131n\u0131flar\u0131na kavu\u015fman\u0131n heyecan\u0131n\u0131 ya\u015farken, a\u00e7\u0131l\u0131\u015f program\u0131 Mehmet Sad\u0131k Boz \u0130lkokulu\u2019nda ger\u00e7ekle\u015ftirildi&#8230;.<\/p>\n","protected":false},"author":1,"featured_media":53419,"comment_status":"open","ping_status":"open","sticky":false,"template":"","format":"standard","meta":{"_crdt_document":"","footnotes":""},"categories":[1],"tags":[],"class_list":["post-53418","post","type-post","status-publish","format-standard","has-post-thumbnail","hentry","category-guncel"],"_links":{"self":[{"href":"https:\/\/www.egemtv.com\/index.php?rest_route=\/wp\/v2\/posts\/53418","targetHints":{"allow":["GET"]}}],"collection":[{"href":"https:\/\/www.egemtv.com\/index.php?rest_route=\/wp\/v2\/posts"}],"about":[{"href":"https:\/\/www.egemtv.com\/index.php?rest_route=\/wp\/v2\/types\/post"}],"author":[{"embeddable":true,"href":"https:\/\/www.egemtv.com\/index.php?rest_route=\/wp\/v2\/users\/1"}],"replies":[{"embeddable":true,"href":"https:\/\/www.egemtv.com\/index.php?rest_route=%2Fwp%2Fv2%2Fcomments&post=53418"}],"version-history":[{"count":1,"href":"https:\/\/www.egemtv.com\/index.php?rest_route=\/wp\/v2\/posts\/53418\/revisions"}],"predecessor-version":[{"id":53420,"href":"https:\/\/www.egemtv.com\/index.php?rest_route=\/wp\/v2\/posts\/53418\/revisions\/53420"}],"wp:featuredmedia":[{"embeddable":true,"href":"https:\/\/www.egemtv.com\/index.php?rest_route=\/wp\/v2\/media\/53419"}],"wp:attachment":[{"href":"https:\/\/www.egemtv.com\/index.php?rest_route=%2Fwp%2Fv2%2Fmedia&parent=53418"}],"wp:term":[{"taxonomy":"category","embeddable":true,"href":"https:\/\/www.egemtv.com\/index.php?rest_route=%2Fwp%2Fv2%2Fcategories&post=53418"},{"taxonomy":"post_tag","embeddable":true,"href":"https:\/\/www.egemtv.com\/index.php?rest_route=%2Fwp%2Fv2%2Ftags&post=53418"}],"curies":[{"name":"wp","href":"https:\/\/api.w.org\/{rel}","templated":true}]}}