{"id":53415,"date":"2025-09-08T11:15:03","date_gmt":"2025-09-08T08:15:03","guid":{"rendered":"https:\/\/www.egemtv.com\/?p=53415"},"modified":"2025-09-08T11:15:05","modified_gmt":"2025-09-08T08:15:05","slug":"bodrumla-nefes-al-etkinligi-mumcularda-devam-etti","status":"publish","type":"post","link":"https:\/\/www.egemtv.com\/?p=53415","title":{"rendered":"Bodrum\u2019la Nefes Al etkinli\u011fi Mumcular\u2019da devam etti"},"content":{"rendered":"<p>Bodrum Belediyesi taraf\u0131ndan d\u00fczenlenen A\u00e7\u0131k Hava Yoga G\u00fcnlerinin \u00fc\u00e7\u00fcnc\u00fcs\u00fc Mumcular Mahallesi\u2019nde d\u00fczenlendi.<\/p>\n<p>Bodrum Belediyesi K\u00fclt\u00fcr ve Sosyal \u0130\u015fler M\u00fcd\u00fcrl\u00fc\u011f\u00fc Spor Hizmetleri B\u00fcrosu taraf\u0131ndan &#8220;Bodrum\u2019la Nefes Al&#8221; temas\u0131yla d\u00fczenlenen A\u00e7\u0131k Hava Yoga G\u00fcnleri\u2019nin \u00fc\u00e7\u00fcnc\u00fcs\u00fc, Mumcular Mustafa Kallem Park\u0131\u2019nda ger\u00e7ekle\u015ftirildi.<br \/>\n<br \/>Etkinli\u011fe, Mumcular Spor Kul\u00fcb\u00fc k\u0131z futbol tak\u0131m\u0131 oyuncular\u0131, antren\u00f6rleri ve vatanda\u015flar kat\u0131ld\u0131. Spor Hizmetleri B\u00fcrosu\u2019nda g\u00f6revli yoga e\u011fitmeni Gizem Melkonyan e\u015fli\u011finde yap\u0131lan etkinlikte kat\u0131l\u0131mc\u0131lar do\u011fayla i\u00e7 i\u00e7e keyifli bir saat ge\u00e7irirken beden sa\u011fl\u0131\u011f\u0131na katk\u0131 sa\u011flayan egzersizler yapt\u0131.<br \/>\n<br \/>A\u00e7\u0131k Hava Yoga G\u00fcnleri, Bodrum\u2019un farkl\u0131 mahallelerinde bulunan tarihi, k\u00fclt\u00fcrel ve do\u011fal alanlarda devam edecek.<br \/><\/p>\n","protected":false},"excerpt":{"rendered":"<p>Bodrum Belediyesi taraf\u0131ndan d\u00fczenlenen A\u00e7\u0131k Hava Yoga G\u00fcnlerinin \u00fc\u00e7\u00fcnc\u00fcs\u00fc Mumcular Mahallesi\u2019nde d\u00fczenlendi. Bodrum Belediyesi K\u00fclt\u00fcr ve Sosyal \u0130\u015fler M\u00fcd\u00fcrl\u00fc\u011f\u00fc Spor Hizmetleri B\u00fcrosu taraf\u0131ndan &#8220;Bodrum\u2019la Nefes Al&#8221; temas\u0131yla d\u00fczenlenen A\u00e7\u0131k Hava Yoga G\u00fcnleri\u2019nin \u00fc\u00e7\u00fcnc\u00fcs\u00fc, Mumcular Mustafa Kallem Park\u0131\u2019nda ger\u00e7ekle\u015ftirildi. Etkinli\u011fe, Mumcular Spor Kul\u00fcb\u00fc k\u0131z futbol tak\u0131m\u0131 oyuncular\u0131, antren\u00f6rleri ve vatanda\u015flar kat\u0131ld\u0131. Spor Hizmetleri B\u00fcrosu\u2019nda g\u00f6revli yoga&#8230;<\/p>\n","protected":false},"author":1,"featured_media":53416,"comment_status":"open","ping_status":"open","sticky":false,"template":"","format":"standard","meta":{"_crdt_document":"","footnotes":""},"categories":[1],"tags":[],"class_list":["post-53415","post","type-post","status-publish","format-standard","has-post-thumbnail","hentry","category-guncel"],"_links":{"self":[{"href":"https:\/\/www.egemtv.com\/index.php?rest_route=\/wp\/v2\/posts\/53415","targetHints":{"allow":["GET"]}}],"collection":[{"href":"https:\/\/www.egemtv.com\/index.php?rest_route=\/wp\/v2\/posts"}],"about":[{"href":"https:\/\/www.egemtv.com\/index.php?rest_route=\/wp\/v2\/types\/post"}],"author":[{"embeddable":true,"href":"https:\/\/www.egemtv.com\/index.php?rest_route=\/wp\/v2\/users\/1"}],"replies":[{"embeddable":true,"href":"https:\/\/www.egemtv.com\/index.php?rest_route=%2Fwp%2Fv2%2Fcomments&post=53415"}],"version-history":[{"count":1,"href":"https:\/\/www.egemtv.com\/index.php?rest_route=\/wp\/v2\/posts\/53415\/revisions"}],"predecessor-version":[{"id":53417,"href":"https:\/\/www.egemtv.com\/index.php?rest_route=\/wp\/v2\/posts\/53415\/revisions\/53417"}],"wp:featuredmedia":[{"embeddable":true,"href":"https:\/\/www.egemtv.com\/index.php?rest_route=\/wp\/v2\/media\/53416"}],"wp:attachment":[{"href":"https:\/\/www.egemtv.com\/index.php?rest_route=%2Fwp%2Fv2%2Fmedia&parent=53415"}],"wp:term":[{"taxonomy":"category","embeddable":true,"href":"https:\/\/www.egemtv.com\/index.php?rest_route=%2Fwp%2Fv2%2Fcategories&post=53415"},{"taxonomy":"post_tag","embeddable":true,"href":"https:\/\/www.egemtv.com\/index.php?rest_route=%2Fwp%2Fv2%2Ftags&post=53415"}],"curies":[{"name":"wp","href":"https:\/\/api.w.org\/{rel}","templated":true}]}}