{"id":53412,"date":"2025-09-08T11:15:00","date_gmt":"2025-09-08T08:15:00","guid":{"rendered":"https:\/\/www.egemtv.com\/?p=53412"},"modified":"2025-09-08T11:15:02","modified_gmt":"2025-09-08T08:15:02","slug":"aydin-eczaci-odasi-baskani-karaarslan-7-defa-guven-tazeledi","status":"publish","type":"post","link":"https:\/\/www.egemtv.com\/?p=53412","title":{"rendered":"Ayd\u0131n Eczac\u0131 Odas\u0131 Ba\u015fkan\u0131 Karaarslan 7. defa g\u00fcven tazeledi"},"content":{"rendered":"<p>Ayd\u0131n Eczac\u0131 Odas\u0131 ola\u011fan se\u00e7imli genel kurulu ger\u00e7ekle\u015ftirildi. \u00dcyelerin yo\u011fun ilgi g\u00f6sterdi\u011fi genel kurulda Ayd\u0131n Eczac\u0131 Odas\u0131 Ba\u015fkan\u0131 Sefa Karaarslan ve y\u00f6netimi 7. defa \u00fcst \u00fcste g\u00fcven tazeledi.<br \/>\n<br \/>Hafta sonu ger\u00e7ekle\u015ftirilen ola\u011fan se\u00e7imli genel kurulda mevcut Ba\u015fkan Sefa Kararaslan\u2019dan ba\u015fka aday \u00e7\u0131kmay\u0131nca se\u00e7imlere tek liste ile gidildi. Ba\u015fkan Sefa Karaarslan ve y\u00f6netimi g\u00fcven tazeledi.<br \/>\n<br \/>Ayd\u0131n Eczac\u0131 Odas\u0131 y\u00f6netiminde 2003 y\u0131l\u0131ndan bu yana g\u00f6reve devam eden ve ba\u015far\u0131l\u0131 \u00e7al\u0131\u015fmalar\u0131n\u0131n yan\u0131nda nahif kimli\u011fi ile \u00fcyelerin g\u00f6nl\u00fcnde adeta taht kuran Ba\u015fkan Sefa Karaarslan, 651 \u00fcyenin toplu onay\u0131n\u0131 ald\u0131. Daha \u00f6nce 3 d\u00f6nem genel sekreterlik, 2 d\u00f6nem y\u00f6netim kurulu \u00fcyeli\u011fi yapan Karaarslan 2003 y\u0131l\u0131ndan bu yana g\u00f6reve devam ediyor. \u00dcyelere te\u015fekk\u00fcr ederek g\u00fcvene her zaman oldu\u011fu gibi lay\u0131k olmaya \u00e7al\u0131\u015facaklar\u0131n\u0131 belirten Ba\u015fka  Karaarslan\u2019\u0131n y\u00f6netiminde \u015fu isimler yer ald\u0131.<br \/>\n<br \/>Y\u00f6netim Kurulu: Sefa Karaarslan, Y\u00fcksel \u015eekerci, Ahmet Tolga Y\u0131lmaz, Ay\u015fen Yard\u0131m, Salim \u00d6y\u00fc\u015f, Mustafa Erdin\u00e7 E\u015fiyok, Tolga \u00d6zcan,<br \/>\n<br \/>Denetleme Kurulu: Fatma \u015eeyda Y\u00fcksel, Ferit \u015eahinci, Emin Ercan Erdek.<br \/>\n<br \/>Haysiyet Divan\u0131: \u00d6mer L\u00fctf\u00fc Alt\u0131ntu\u011f, Rengin G\u00fcney, Birg\u00fcl Uzel, Nezaket Ay\u0131k Ertuncay Fulya Gezginci<br \/>\n<br \/>B\u00fcy\u00fck Kongre Delesi: Sefa Karaarslan, Salih Kozal\u0131, \u0130zzet Tanju \u00dclgen, Y\u00fcksel \u015eekerci, Salim \u00d6y\u00fc\u015f, Akcan Kurtulmu\u015f, Emre Birli<br \/><\/p>\n","protected":false},"excerpt":{"rendered":"<p>Ayd\u0131n Eczac\u0131 Odas\u0131 ola\u011fan se\u00e7imli genel kurulu ger\u00e7ekle\u015ftirildi. \u00dcyelerin yo\u011fun ilgi g\u00f6sterdi\u011fi genel kurulda Ayd\u0131n Eczac\u0131 Odas\u0131 Ba\u015fkan\u0131 Sefa Karaarslan ve y\u00f6netimi 7. defa \u00fcst \u00fcste g\u00fcven tazeledi. Hafta sonu ger\u00e7ekle\u015ftirilen ola\u011fan se\u00e7imli genel kurulda mevcut Ba\u015fkan Sefa Kararaslan\u2019dan ba\u015fka aday \u00e7\u0131kmay\u0131nca se\u00e7imlere tek liste ile gidildi. Ba\u015fkan Sefa Karaarslan ve y\u00f6netimi g\u00fcven tazeledi. Ayd\u0131n&#8230;<\/p>\n","protected":false},"author":1,"featured_media":53413,"comment_status":"open","ping_status":"open","sticky":false,"template":"","format":"standard","meta":{"_crdt_document":"","footnotes":""},"categories":[1],"tags":[],"class_list":["post-53412","post","type-post","status-publish","format-standard","has-post-thumbnail","hentry","category-guncel"],"_links":{"self":[{"href":"https:\/\/www.egemtv.com\/index.php?rest_route=\/wp\/v2\/posts\/53412","targetHints":{"allow":["GET"]}}],"collection":[{"href":"https:\/\/www.egemtv.com\/index.php?rest_route=\/wp\/v2\/posts"}],"about":[{"href":"https:\/\/www.egemtv.com\/index.php?rest_route=\/wp\/v2\/types\/post"}],"author":[{"embeddable":true,"href":"https:\/\/www.egemtv.com\/index.php?rest_route=\/wp\/v2\/users\/1"}],"replies":[{"embeddable":true,"href":"https:\/\/www.egemtv.com\/index.php?rest_route=%2Fwp%2Fv2%2Fcomments&post=53412"}],"version-history":[{"count":1,"href":"https:\/\/www.egemtv.com\/index.php?rest_route=\/wp\/v2\/posts\/53412\/revisions"}],"predecessor-version":[{"id":53414,"href":"https:\/\/www.egemtv.com\/index.php?rest_route=\/wp\/v2\/posts\/53412\/revisions\/53414"}],"wp:featuredmedia":[{"embeddable":true,"href":"https:\/\/www.egemtv.com\/index.php?rest_route=\/wp\/v2\/media\/53413"}],"wp:attachment":[{"href":"https:\/\/www.egemtv.com\/index.php?rest_route=%2Fwp%2Fv2%2Fmedia&parent=53412"}],"wp:term":[{"taxonomy":"category","embeddable":true,"href":"https:\/\/www.egemtv.com\/index.php?rest_route=%2Fwp%2Fv2%2Fcategories&post=53412"},{"taxonomy":"post_tag","embeddable":true,"href":"https:\/\/www.egemtv.com\/index.php?rest_route=%2Fwp%2Fv2%2Ftags&post=53412"}],"curies":[{"name":"wp","href":"https:\/\/api.w.org\/{rel}","templated":true}]}}